{"id":9171,"date":"2026-06-29T00:30:27","date_gmt":"2026-06-28T21:30:27","guid":{"rendered":"https:\/\/newsfire.gr\/en\/children-chained-in-ashura-procession-under-40-degrees-in-berlin\/"},"modified":"2026-06-29T00:30:27","modified_gmt":"2026-06-28T21:30:27","slug":"children-chained-in-ashura-procession-under-40-degrees-in-berlin","status":"publish","type":"post","link":"https:\/\/newsfire.gr\/en\/children-chained-in-ashura-procession-under-40-degrees-in-berlin\/","title":{"rendered":"Children chained in Ashura procession under 40 degrees in Berlin!"},"content":{"rendered":"<p>The event, which had been officially registered as a demonstration of solidarity with oppressed peoples, clearly took on a more radical character. According to the German <em>Bild<\/em>, citizens captured video of the children moving like a funeral procession through the streets of the capital.<\/p>\n<p>The Jewish Forum for Democracy and Against Anti-Semitism (JFDA) reacted immediately. The forum published the material on social media and emphasized that the use of minors in such a spectacle constitutes a staged political and religious message, with elements of intimidation.<\/p>\n<p>Ashura ceremonies are traditionally dedicated to the memory of Imam Hussein ibn Ali. In this particular case, however, hundreds of participants carried flags of Turkey, Iran and Lebanon, while chanting slogans in support of Ayatollah Ali Khamenei and Hezbollah leader Hassan Nasrallah.<\/p>\n<p>German authorities have not yet provided clarifications on whether they intervened during the march or took measures to protect the children who participated.<\/p>\n<blockquote class=\"twitter-tweet\" data-media-max-width=\"560\">\n<p dir=\"ltr\" lang=\"tr\">Almanya bu g\u00f6r\u00fcnt\u00fcleri konu\u015fuyor<\/p>\n<p>&#x1f536;Berlin, y\u0131l\u0131n en s\u0131cak g\u00fcn\u00fcn\u00fc ya\u015farken ba\u015fkentin merkezine yans\u0131yan kareler infial yaratt\u0131. A\u015fura t\u00f6renleri kapsam\u0131nda d\u00fczenlenen y\u00fcr\u00fcy\u00fc\u015fte, \u00e7ocuklar\u0131n s\u0131cak asfaltda zincirlerle y\u00fcr\u00fct\u00fclmesi infial yaratt\u0131.<\/p>\n<p><a href=\"https:\/\/x.com\/hashtag\/Berlin?src=hash&amp;ref_src=twsrc%5Etfw\">#Berlin<\/a> <a href=\"https:\/\/x.com\/hashtag\/A%C5%9Fura?src=hash&amp;ref_src=twsrc%5Etfw\">#A\u015fura<\/a> <a href=\"https:\/\/x.com\/hashtag\/Almanya?src=hash&amp;ref_src=twsrc%5Etfw\">#Almanya<\/a> <a href=\"https:\/\/t.co\/LfX4kuSRyW\">pic.twitter.com\/LfX4kuSRyW<\/a><\/p>\n<p>\u2014 Rasti Haber News (@RastiHaber1) <a href=\"https:\/\/x.com\/RastiHaber1\/status\/2071227209789100290?ref_src=twsrc%5Etfw\">June 28, 2026<\/a><\/p><\/blockquote>\n<p><script async src=\"https:\/\/platform.x.com\/widgets.js\" charset=\"utf-8\"><\/script><\/p>\n<p>The incident has opened a discussion in German society regarding the limits of religious freedom and the tendency of certain radical groups to use religious events for political purposes. Human rights defenders pointed out that such actions not only provoke, but also expose children to conditions that may endanger their health, especially with such high temperatures.<\/p>\n<p>As <em>Newsbomb<\/em> reports in its publication, the event highlights the challenges Germany faces in balancing tolerance and the protection of minors at public events.<\/p>\n<p class=\"nfg-meta\" style=\"display:none;visibility:hidden;font-size:0;height:0;overflow:hidden;\" aria-hidden=\"true\">nfg-origin:gr<\/p>\n","protected":false},"excerpt":{"rendered":"<p>Germany faces controversy after children participated in an Ashura procession in Berlin wearing chains in 40-degree heat, prompting criticism from Jewish groups and raising questions about religious freedom limits.<\/p>\n","protected":false},"author":47,"featured_media":9170,"comment_status":"open","ping_status":"open","sticky":false,"template":"","format":"standard","meta":{"footnotes":""},"categories":[122],"tags":[8361,525,8362,8365,25,8363,8364],"nfg_topic":[134],"class_list":["post-9171","post","type-post","status-publish","format-standard","has-post-thumbnail","hentry","category-news","tag-ashura-procession","tag-berlin","tag-children","tag-extreme-heat","tag-germany","tag-jewish-forum-democracy-antisemitism","tag-religious-ceremony","nfg_topic-europe"],"_links":{"self":[{"href":"https:\/\/newsfire.gr\/en\/wp-json\/wp\/v2\/posts\/9171","targetHints":{"allow":["GET"]}}],"collection":[{"href":"https:\/\/newsfire.gr\/en\/wp-json\/wp\/v2\/posts"}],"about":[{"href":"https:\/\/newsfire.gr\/en\/wp-json\/wp\/v2\/types\/post"}],"author":[{"embeddable":true,"href":"https:\/\/newsfire.gr\/en\/wp-json\/wp\/v2\/users\/47"}],"replies":[{"embeddable":true,"href":"https:\/\/newsfire.gr\/en\/wp-json\/wp\/v2\/comments?post=9171"}],"version-history":[{"count":0,"href":"https:\/\/newsfire.gr\/en\/wp-json\/wp\/v2\/posts\/9171\/revisions"}],"wp:featuredmedia":[{"embeddable":true,"href":"https:\/\/newsfire.gr\/en\/wp-json\/wp\/v2\/media\/9170"}],"wp:attachment":[{"href":"https:\/\/newsfire.gr\/en\/wp-json\/wp\/v2\/media?parent=9171"}],"wp:term":[{"taxonomy":"category","embeddable":true,"href":"https:\/\/newsfire.gr\/en\/wp-json\/wp\/v2\/categories?post=9171"},{"taxonomy":"post_tag","embeddable":true,"href":"https:\/\/newsfire.gr\/en\/wp-json\/wp\/v2\/tags?post=9171"},{"taxonomy":"nfg_topic","embeddable":true,"href":"https:\/\/newsfire.gr\/en\/wp-json\/wp\/v2\/nfg_topic?post=9171"}],"curies":[{"name":"wp","href":"https:\/\/api.w.org\/{rel}","templated":true}]}}