{"id":9109,"date":"2026-06-28T12:56:30","date_gmt":"2026-06-28T09:56:30","guid":{"rendered":"https:\/\/newsfire.gr\/en\/macrons-french-language-center-celebrates-arabic-instead\/"},"modified":"2026-06-28T12:56:30","modified_gmt":"2026-06-28T09:56:30","slug":"macrons-french-language-center-celebrates-arabic-instead","status":"publish","type":"post","link":"https:\/\/newsfire.gr\/en\/macrons-french-language-center-celebrates-arabic-instead\/","title":{"rendered":"Macron&#8217;s French Language Center Celebrates Arabic Instead"},"content":{"rendered":"<p>The International City of the French Language, housed in the historic ch\u00e2teau of Fran\u00e7ois I in Villers-Cotter\u00eats, organized an event on June 27 titled &#8220;Our Arabic Languages&#8221; featuring Arabic calligraphy workshops, documentary screenings, debates, and a theatrical performance of The Epic of Bani Hilal by Palestinian director <strong>Bashar Murkus<\/strong>. The play was performed in Arabic with French subtitles.<\/p>\n<p>The day concluded with a concert by <strong>Cam\u00e9lia Jordana<\/strong> dedicated to &#8220;Divas of the Mediterranean.&#8221; Jordana, of Algerian origin, previously made headlines for denouncing police violence in France and stating she did not feel safe when wearing her hair curly.<\/p>\n<p><strong>Paul Rondin<\/strong>, director of the International City of the French Language, defended the event to the newspaper L&#8217;Union by arguing that the institution has a mission to discuss not only French but also &#8220;the languages spoken in France.&#8221; He called the Arabic language day &#8220;obvious given the place of the Arabic language in France&#8221; and emphasized that there are almost 4 million Arabic speakers in the country.<\/p>\n<p>While the 450 concert tickets sold out quickly, the event drew sharp criticism on social media. One commenter questioned whether young people should first focus on writing and speaking French correctly, while another sarcastically remarked that Arabic is celebrated year-round in the city.<\/p>\n<h2>Financial Failure Compounds Controversy<\/h2>\n<p>Beyond the cultural debate, the International City of the French Language has proven to be a massive financial drain. Originally budgeted at 110 million euros in 2019, the project ultimately cost 234 million euros. Despite this enormous investment, visitor numbers have fallen far short of expectations.<\/p>\n<p>In 2025, attendance reached only 110,000 visitors, many of them school groups, compared to the projected 200,000. Observers suggest the Arabic language event may be an attempt by management to expand its audience and justify the failed investment.<\/p>\n<p>The town of Villers-Cotter\u00eats, home to nearly 10,000 residents, was notably the only municipality in its department not retained by the National Rally in recent municipal elections. Critics on social media warned that <em>the erasure is advancing rapidly<\/em> as French cultural institutions prioritize multiculturalism over French heritage.<\/p>\n<p>President Macron originally presented the International City of the French Language as an &#8220;exemplary&#8221; project designed to promote French language and culture globally. The decision to dedicate programming to Arabic has raised questions about whether the institution has strayed from its founding mission.<\/p>\n<p style=\"text-align:right\"><em>With information from <a href=\"https:\/\/valeursactuelles.com\" target=\"_blank\" rel=\"noopener\">Valeurs Actuelles<\/a><\/em><\/p>\n","protected":false},"excerpt":{"rendered":"<p>A French language institution created by President Macron sparked controversy by dedicating a day to celebrating Arabic, drawing criticism amid concerns about its cultural mission and poor attendance.<\/p>\n","protected":false},"author":47,"featured_media":9108,"comment_status":"open","ping_status":"open","sticky":false,"template":"","format":"standard","meta":{"footnotes":""},"categories":[122],"tags":[8303,8305,235,55,8304,8302],"nfg_topic":[134],"class_list":["post-9109","post","type-post","status-publish","format-standard","has-post-thumbnail","hentry","category-news","tag-arabic-language","tag-cultural-controversy","tag-emmanuel-macron","tag-france","tag-french-language-promotion","tag-villers-cotterets","nfg_topic-europe"],"_links":{"self":[{"href":"https:\/\/newsfire.gr\/en\/wp-json\/wp\/v2\/posts\/9109","targetHints":{"allow":["GET"]}}],"collection":[{"href":"https:\/\/newsfire.gr\/en\/wp-json\/wp\/v2\/posts"}],"about":[{"href":"https:\/\/newsfire.gr\/en\/wp-json\/wp\/v2\/types\/post"}],"author":[{"embeddable":true,"href":"https:\/\/newsfire.gr\/en\/wp-json\/wp\/v2\/users\/47"}],"replies":[{"embeddable":true,"href":"https:\/\/newsfire.gr\/en\/wp-json\/wp\/v2\/comments?post=9109"}],"version-history":[{"count":0,"href":"https:\/\/newsfire.gr\/en\/wp-json\/wp\/v2\/posts\/9109\/revisions"}],"wp:featuredmedia":[{"embeddable":true,"href":"https:\/\/newsfire.gr\/en\/wp-json\/wp\/v2\/media\/9108"}],"wp:attachment":[{"href":"https:\/\/newsfire.gr\/en\/wp-json\/wp\/v2\/media?parent=9109"}],"wp:term":[{"taxonomy":"category","embeddable":true,"href":"https:\/\/newsfire.gr\/en\/wp-json\/wp\/v2\/categories?post=9109"},{"taxonomy":"post_tag","embeddable":true,"href":"https:\/\/newsfire.gr\/en\/wp-json\/wp\/v2\/tags?post=9109"},{"taxonomy":"nfg_topic","embeddable":true,"href":"https:\/\/newsfire.gr\/en\/wp-json\/wp\/v2\/nfg_topic?post=9109"}],"curies":[{"name":"wp","href":"https:\/\/api.w.org\/{rel}","templated":true}]}}