{"id":7912,"date":"2026-06-20T16:24:57","date_gmt":"2026-06-20T13:24:57","guid":{"rendered":"https:\/\/newsfire.gr\/en\/?p=7912"},"modified":"2026-06-20T14:55:26","modified_gmt":"2026-06-20T11:55:26","slug":"when-displaying-the-german-flag-becomes-political","status":"publish","type":"post","link":"https:\/\/newsfire.gr\/en\/when-displaying-the-german-flag-becomes-political\/","title":{"rendered":"When Displaying the German Flag Becomes Political"},"content":{"rendered":"<p>According to <em>Junge Freiheit<\/em>, the incident involving AfD members displaying the German flag from Bundestag offices has sparked investigations by parliamentary police for alleged violations of house rules. The controversy, however, represents far more than a procedural question. It reflects what the outlet identifies as a new hypersensitivity surrounding symbolic politics that extends well beyond Germany&#8217;s borders.<\/p>\n<blockquote class=\"twitter-tweet\">\n<p dir=\"ltr\" lang=\"de\">F\u00fcr die wenigen \ud83d\ude09, die das noch nicht gesehen haben, hier nochmals das<br \/>\n\ud83c\udde9\ud83c\uddea &#8211; Fahnen-Gate-Video:<\/p>\n<p>Die Bundestagspolizei ermittelt gegen uns, weil wir die Deutschlandfahne aus dem Bundestagsb\u00fcro heraus geschwenkt haben. Ein m\u00f6glicher Versto\u00df gegen die Hausordnung (!).<\/p>\n<p>Und die\u2026 <a href=\"https:\/\/t.co\/IXBJfmCLe0\">pic.twitter.com\/IXBJfmCLe0<\/a><\/p>\n<p>\u2014 Beatrix von Storch (@Beatrix_vStorch) <a href=\"https:\/\/x.com\/Beatrix_vStorch\/status\/2064294583047967225?ref_src=twsrc%5Etfw\">June 9, 2026<\/a><\/p>\n<\/blockquote>\n<p><script async src=\"https:\/\/platform.twitter.com\/widgets.js\" charset=\"utf-8\"><\/script><\/p>\n<p><strong>Beatrix von Storch<\/strong>, an AfD lawmaker, highlighted the absurdity of the situation on social media, noting that authorities are investigating the party for waving the German flag from their parliamentary offices.<\/p>\n<h2>The Global Symbols War<\/h2>\n<p>The phenomenon is not uniquely German. Similar tensions have erupted across the West as establishment politicians scramble to reclaim national symbols from populist challengers. In Britain, the Prime Minister responded with hostility to the sea of Union Jacks displayed at the Unite the Kingdom demonstration in London, declaring that the national flag must not be surrendered to enemies of democracy.<\/p>\n<p>In France, a bizarre debate has emerged in mainstream media questioning whether the Marseillaise should be required of national football team players with origins in former colonies, with critics arguing that such expectations serve a right-wing extremist agenda. <strong>Emmanuel Macron<\/strong> has countered by promoting his vision of Vivre ensemble, or living together, in a multicultural France.<\/p>\n<p>What distinguishes the current conflict from traditional symbolic opposition is that right-wing movements are not rejecting state symbols in favor of alternative emblems. Instead, they are claiming official national flags and anthems as their own, positioning themselves as the authentic representatives of the nation. This rhetorical judo enrages establishment parties, who attempt to respond by asserting their own patriotism against supposedly rootless cosmopolitans.<\/p>\n<h2>The Failure of Consensus Politics<\/h2>\n<p>The strategy faces a critical obstacle, as <em>Junge Freiheit<\/em> reports. Political bases on the left have been conditioned for decades to embrace anti-patriotic positions and now struggle to reverse course when their leaders pivot toward national symbolism. No appeals to collective identity from figures like <strong>Frank-Walter Steinmeier<\/strong>, <strong>Keir Starmer<\/strong>, or Macron can obscure this fundamental contradiction.<\/p>\n<p>The situation reflects what American anthropologist <strong>Clifford Geertz<\/strong> described at the end of the last century as a world in pieces. Writing after the collapse of end-of-history optimism, Geertz observed that the fall of communism did not produce the final triumph of Western values, market economics, and mass consumerism. Instead, new ideological competitors emerged, provoking conflicts that resembled traditional struggles over territory, resources, and borders rather than the ideological bloc confrontation of the Cold War.<\/p>\n<p>Geertz warned against the illusion that such problems could be papered over with propaganda or dismissed by invoking social construction. He rejected postmodern assumptions of total relativism but acknowledged his inability to answer the fundamental questions he posed: What is a country when it is not a nation? What is a culture when it is not a consensus?<\/p>\n<h2>Globalization and Fragmentation<\/h2>\n<p>Two decades after Geertz wrote, Western societies remain no closer to resolution. The dynamics he identified have intensified through globalization, civilizational clashes, the return of classical imperialism, novel forms of mass manipulation, nationalist persistence, separatist movements, and the ethnic and religious fragmentation of Western societies. Liberalism as a total ideology, in the words of philosopher <strong>Raymond Geuss<\/strong>, has either promoted or permitted this process.<\/p>\n<p>The result is profound disorientation among opinion-makers tasked with maintaining what <strong>Noam Chomsky<\/strong> termed the consent-manufacturing machine. They respond by cultivating nostalgia for an imagined idyll before populist splitters destroyed consensus, challenged the monopoly of quality media, crossed boundaries of acceptable discourse, violated useful taboos, and allowed fascism to reemerge in populist, digital, or toxic masculine forms.<\/p>\n<h2>Symbols of a Fractured Order<\/h2>\n<p>None of these responses addresses the gravity of the situation, which manifests first in the symbolic realm. Poland protests when its neighbor adopts the colors of interwar Ukrainian nationalism. German schoolchildren gather under hammer-and-sickle banners to protest military service. New York&#8217;s newly elected mayor takes his oath on the Quran. Tuareg fighters raise the flag of an independent Azawad state in northern Mali.<\/p>\n<p>In France, a La France insoumise candidate removes the presidential portrait from city hall after his electoral victory, while Rassemblement National-controlled municipalities take down European Union flags. American university students chant from the river to the sea under Palestinian colors, while Jerusalem&#8217;s flag march demands greater Israel.<\/p>\n<p>The flag controversy in Germany&#8217;s Bundestag thus represents a microcosm of a civilization-wide crisis. Establishment parties can no longer take for granted their claim to represent national identity or control the symbols that define political legitimacy. Their attempts to reassert authority through symbolic policing only highlight the hollowness of their position and accelerate the very fragmentation they seek to prevent.<\/p>\n<p style=\"text-align:right\"><em>With information from <a href=\"https:\/\/jungefreiheit.de\" target=\"_blank\" rel=\"noopener\">Junge Freiheit<\/a><\/em><\/p>\n","protected":false},"excerpt":{"rendered":"<p>A German parliamentary investigation into AfD lawmakers waving the national flag from Bundestag offices reflects broader Western tensions over national symbols and populist movements challenging liberal establishment control.<\/p>\n","protected":false},"author":47,"featured_media":7911,"comment_status":"open","ping_status":"open","sticky":false,"template":"","format":"standard","meta":{"footnotes":""},"categories":[122],"tags":[854,4,5853,25,7662,7663],"nfg_topic":[137],"class_list":["post-7912","post","type-post","status-publish","format-standard","has-post-thumbnail","hentry","category-news","tag-alternative-for-germany","tag-bundestag","tag-german-flag-controversy","tag-germany","tag-national-symbols","tag-political-symbolism","nfg_topic-culture-wars"],"_links":{"self":[{"href":"https:\/\/newsfire.gr\/en\/wp-json\/wp\/v2\/posts\/7912","targetHints":{"allow":["GET"]}}],"collection":[{"href":"https:\/\/newsfire.gr\/en\/wp-json\/wp\/v2\/posts"}],"about":[{"href":"https:\/\/newsfire.gr\/en\/wp-json\/wp\/v2\/types\/post"}],"author":[{"embeddable":true,"href":"https:\/\/newsfire.gr\/en\/wp-json\/wp\/v2\/users\/47"}],"replies":[{"embeddable":true,"href":"https:\/\/newsfire.gr\/en\/wp-json\/wp\/v2\/comments?post=7912"}],"version-history":[{"count":1,"href":"https:\/\/newsfire.gr\/en\/wp-json\/wp\/v2\/posts\/7912\/revisions"}],"predecessor-version":[{"id":7931,"href":"https:\/\/newsfire.gr\/en\/wp-json\/wp\/v2\/posts\/7912\/revisions\/7931"}],"wp:featuredmedia":[{"embeddable":true,"href":"https:\/\/newsfire.gr\/en\/wp-json\/wp\/v2\/media\/7911"}],"wp:attachment":[{"href":"https:\/\/newsfire.gr\/en\/wp-json\/wp\/v2\/media?parent=7912"}],"wp:term":[{"taxonomy":"category","embeddable":true,"href":"https:\/\/newsfire.gr\/en\/wp-json\/wp\/v2\/categories?post=7912"},{"taxonomy":"post_tag","embeddable":true,"href":"https:\/\/newsfire.gr\/en\/wp-json\/wp\/v2\/tags?post=7912"},{"taxonomy":"nfg_topic","embeddable":true,"href":"https:\/\/newsfire.gr\/en\/wp-json\/wp\/v2\/nfg_topic?post=7912"}],"curies":[{"name":"wp","href":"https:\/\/api.w.org\/{rel}","templated":true}]}}