{"id":7643,"date":"2026-06-19T19:28:27","date_gmt":"2026-06-19T16:28:27","guid":{"rendered":"https:\/\/newsfire.gr\/en\/?p=7643"},"modified":"2026-06-19T18:23:42","modified_gmt":"2026-06-19T15:23:42","slug":"embarrassing-political-propaganda-how-stupid-do-they-think-we-are","status":"publish","type":"post","link":"https:\/\/newsfire.gr\/en\/embarrassing-political-propaganda-how-stupid-do-they-think-we-are\/","title":{"rendered":"Embarrassing Political Propaganda \u2013 How Stupid Do They Think We Are?!"},"content":{"rendered":"<p>According to <em>Nius<\/em>, recent videos published by federal ministries reveal a troubling pattern of how the current German administration views ordinary citizens: not as free individuals deserving respect, but as subjects to be managed, educated, and controlled.<\/p>\n<p>The critique centers on several high-profile government figures whose public conduct has raised eyebrows. <strong>B\u00e4rbel Bas<\/strong>, who oversees hundreds of billions of euros in taxpayer funds, has been criticized for her communication skills and her open advocacy for wealth redistribution. Meanwhile, Finance Minister <strong>Lars Klingbeil<\/strong>, at just 48 years old, has drawn concern for his frequently exhausted appearance and visible perspiration during public events.<\/p>\n<figure style=\"position:relative;display:block;margin:1.4em 0;max-width:100%;\"><img loading=\"lazy\" decoding=\"async\" width=\"2560\" height=\"1904\" src=\"https:\/\/newsfire.gr\/en\/wp-content\/uploads\/2026\/06\/01bt-split-bas-ar-dpa-picture-alliance-2.599688308-highres-scaled.jpg\" alt=\"B\u00e4rbel Bas hat unmissverst\u00e4ndlich deutlich gemacht, dass sie Umverteilung will.\" class=\"wp-image-7635\" style=\"width:100%;height:auto;\" srcset=\"https:\/\/newsfire.gr\/en\/wp-content\/uploads\/2026\/06\/01bt-split-bas-ar-dpa-picture-alliance-2.599688308-highres-scaled.jpg 2560w, https:\/\/newsfire.gr\/en\/wp-content\/uploads\/2026\/06\/01bt-split-bas-ar-dpa-picture-alliance-2.599688308-highres-300x223.jpg 300w, https:\/\/newsfire.gr\/en\/wp-content\/uploads\/2026\/06\/01bt-split-bas-ar-dpa-picture-alliance-2.599688308-highres-1024x761.jpg 1024w, https:\/\/newsfire.gr\/en\/wp-content\/uploads\/2026\/06\/01bt-split-bas-ar-dpa-picture-alliance-2.599688308-highres-768x571.jpg 768w, https:\/\/newsfire.gr\/en\/wp-content\/uploads\/2026\/06\/01bt-split-bas-ar-dpa-picture-alliance-2.599688308-highres-1536x1142.jpg 1536w, https:\/\/newsfire.gr\/en\/wp-content\/uploads\/2026\/06\/01bt-split-bas-ar-dpa-picture-alliance-2.599688308-highres-2048x1523.jpg 2048w\" sizes=\"auto, (max-width: 2560px) 100vw, 2560px\" \/><figcaption style=\"display:block;font-size:12px;color:#666;font-style:italic;margin-top:5px;padding:0;text-align:left;\">Photo: nius.de<\/figcaption><\/figure>\n<p>Chancellor <strong>Friedrich Merz<\/strong> has also faced mounting criticism for what observers describe as a patronizing and condescending attitude toward German voters. His dismissive manner, particularly toward women, and his tendency to lecture citizens rather than listen to them has alienated significant portions of the electorate, as <em>Nius<\/em> reports.<\/p>\n<figure style=\"position:relative;display:block;margin:1.4em 0;max-width:100%;\"><img loading=\"lazy\" decoding=\"async\" width=\"2560\" height=\"1706\" src=\"https:\/\/newsfire.gr\/en\/wp-content\/uploads\/2026\/06\/02bt-split-klingbeil-ar-2-dpa-picture-alliance-2.592849097-highres-scaled.jpg\" alt=\"Finanzminister Lars Klingbeil wirkt h\u00e4ufig m\u00fcde und ersch\u00f6pft. Sein starkes Schwitzen f\u00e4llt in letzter Zeit besonders auf.\" class=\"wp-image-7636\" style=\"width:100%;height:auto;\" srcset=\"https:\/\/newsfire.gr\/en\/wp-content\/uploads\/2026\/06\/02bt-split-klingbeil-ar-2-dpa-picture-alliance-2.592849097-highres-scaled.jpg 2560w, https:\/\/newsfire.gr\/en\/wp-content\/uploads\/2026\/06\/02bt-split-klingbeil-ar-2-dpa-picture-alliance-2.592849097-highres-300x200.jpg 300w, https:\/\/newsfire.gr\/en\/wp-content\/uploads\/2026\/06\/02bt-split-klingbeil-ar-2-dpa-picture-alliance-2.592849097-highres-1024x683.jpg 1024w, https:\/\/newsfire.gr\/en\/wp-content\/uploads\/2026\/06\/02bt-split-klingbeil-ar-2-dpa-picture-alliance-2.592849097-highres-768x512.jpg 768w, https:\/\/newsfire.gr\/en\/wp-content\/uploads\/2026\/06\/02bt-split-klingbeil-ar-2-dpa-picture-alliance-2.592849097-highres-1536x1024.jpg 1536w, https:\/\/newsfire.gr\/en\/wp-content\/uploads\/2026\/06\/02bt-split-klingbeil-ar-2-dpa-picture-alliance-2.592849097-highres-2048x1365.jpg 2048w\" sizes=\"auto, (max-width: 2560px) 100vw, 2560px\" \/><figcaption style=\"display:block;font-size:12px;color:#666;font-style:italic;margin-top:5px;padding:0;text-align:left;\">Photo: nius.de<\/figcaption><\/figure>\n<figure style=\"position:relative;display:block;margin:1.4em 0;max-width:100%;\"><img loading=\"lazy\" decoding=\"async\" width=\"2560\" height=\"1707\" src=\"https:\/\/newsfire.gr\/en\/wp-content\/uploads\/2026\/06\/04bt-split-merz-ar-dpa-picture-alliance-2.542753693-highres-scaled.jpg\" alt=\"Kanzler Friedrich Merz hat es sich durch seine herablassende, belehrende Art besonders mit den Frauen verdorben.\" class=\"wp-image-7637\" style=\"width:100%;height:auto;\" srcset=\"https:\/\/newsfire.gr\/en\/wp-content\/uploads\/2026\/06\/04bt-split-merz-ar-dpa-picture-alliance-2.542753693-highres-scaled.jpg 2560w, https:\/\/newsfire.gr\/en\/wp-content\/uploads\/2026\/06\/04bt-split-merz-ar-dpa-picture-alliance-2.542753693-highres-300x200.jpg 300w, https:\/\/newsfire.gr\/en\/wp-content\/uploads\/2026\/06\/04bt-split-merz-ar-dpa-picture-alliance-2.542753693-highres-1024x683.jpg 1024w, https:\/\/newsfire.gr\/en\/wp-content\/uploads\/2026\/06\/04bt-split-merz-ar-dpa-picture-alliance-2.542753693-highres-768x512.jpg 768w, https:\/\/newsfire.gr\/en\/wp-content\/uploads\/2026\/06\/04bt-split-merz-ar-dpa-picture-alliance-2.542753693-highres-1536x1024.jpg 1536w, https:\/\/newsfire.gr\/en\/wp-content\/uploads\/2026\/06\/04bt-split-merz-ar-dpa-picture-alliance-2.542753693-highres-2048x1365.jpg 2048w\" sizes=\"auto, (max-width: 2560px) 100vw, 2560px\" \/><figcaption style=\"display:block;font-size:12px;color:#666;font-style:italic;margin-top:5px;padding:0;text-align:left;\">Photo: nius.de<\/figcaption><\/figure>\n<h2>Social Media Campaigns Reveal Government Mindset<\/h2>\n<p>The most alarming aspect of the current administration, according to the analysis, is the worldview displayed in official government social media content. Videos produced by various ministries and posted to platforms like Instagram and TikTok consistently portray citizens as nuisances requiring correction rather than as stakeholders deserving transparent governance.<\/p>\n<p>Foreign Minister <strong>Johann Wadephul<\/strong>, who has reportedly earned the international nickname &#8220;What-a-fool,&#8221; became the focus of controversy following Germany&#8217;s historic defeat in its bid for a UN Security Council seat. For the first time in unified German history, the country lost such a contest, falling to Austria and Portugal in the voting.<\/p>\n<figure style=\"position:relative;display:block;margin:1.4em 0;max-width:100%;\"><img loading=\"lazy\" decoding=\"async\" width=\"1814\" height=\"2560\" src=\"https:\/\/newsfire.gr\/en\/wp-content\/uploads\/2026\/06\/05bt-split-wadephul-ar-dpa-picture-alliance-2.598869953-highres-scaled.jpg\" alt=\"Au\u00dfenminister Wadephul kommt zu Gespr\u00e4chen in Mexiko an.\" class=\"wp-image-7638\" style=\"width:100%;height:auto;\" srcset=\"https:\/\/newsfire.gr\/en\/wp-content\/uploads\/2026\/06\/05bt-split-wadephul-ar-dpa-picture-alliance-2.598869953-highres-scaled.jpg 1814w, https:\/\/newsfire.gr\/en\/wp-content\/uploads\/2026\/06\/05bt-split-wadephul-ar-dpa-picture-alliance-2.598869953-highres-213x300.jpg 213w, https:\/\/newsfire.gr\/en\/wp-content\/uploads\/2026\/06\/05bt-split-wadephul-ar-dpa-picture-alliance-2.598869953-highres-726x1024.jpg 726w, https:\/\/newsfire.gr\/en\/wp-content\/uploads\/2026\/06\/05bt-split-wadephul-ar-dpa-picture-alliance-2.598869953-highres-768x1084.jpg 768w, https:\/\/newsfire.gr\/en\/wp-content\/uploads\/2026\/06\/05bt-split-wadephul-ar-dpa-picture-alliance-2.598869953-highres-1088x1536.jpg 1088w, https:\/\/newsfire.gr\/en\/wp-content\/uploads\/2026\/06\/05bt-split-wadephul-ar-dpa-picture-alliance-2.598869953-highres-1451x2048.jpg 1451w\" sizes=\"auto, (max-width: 1814px) 100vw, 1814px\" \/><figcaption style=\"display:block;font-size:12px;color:#666;font-style:italic;margin-top:5px;padding:0;text-align:left;\">Photo: nius.de<\/figcaption><\/figure>\n<figure style=\"position:relative;display:block;margin:1.4em 0;max-width:100%;\"><img loading=\"lazy\" decoding=\"async\" width=\"1920\" height=\"1080\" src=\"https:\/\/newsfire.gr\/en\/wp-content\/uploads\/2026\/06\/07bt-vollbild-schla-ger-wadephul-ar.jpg\" alt=\"nius.de\" class=\"wp-image-7639\" style=\"width:100%;height:auto;\" srcset=\"https:\/\/newsfire.gr\/en\/wp-content\/uploads\/2026\/06\/07bt-vollbild-schla-ger-wadephul-ar.jpg 1920w, https:\/\/newsfire.gr\/en\/wp-content\/uploads\/2026\/06\/07bt-vollbild-schla-ger-wadephul-ar-300x169.jpg 300w, https:\/\/newsfire.gr\/en\/wp-content\/uploads\/2026\/06\/07bt-vollbild-schla-ger-wadephul-ar-1024x576.jpg 1024w, https:\/\/newsfire.gr\/en\/wp-content\/uploads\/2026\/06\/07bt-vollbild-schla-ger-wadephul-ar-768x432.jpg 768w, https:\/\/newsfire.gr\/en\/wp-content\/uploads\/2026\/06\/07bt-vollbild-schla-ger-wadephul-ar-1536x864.jpg 1536w, https:\/\/newsfire.gr\/en\/wp-content\/uploads\/2026\/06\/07bt-vollbild-schla-ger-wadephul-ar-1200x675.jpg 1200w\" sizes=\"auto, (max-width: 1920px) 100vw, 1920px\" \/><figcaption style=\"display:block;font-size:12px;color:#666;font-style:italic;margin-top:5px;padding:0;text-align:left;\">Photo: nius.de<\/figcaption><\/figure>\n<p>Following widespread criticism of this diplomatic failure, Wadephul&#8217;s ministry released a social media video that critics say reveals the government&#8217;s true attitude toward press freedom and accountability. The footage shows security personnel in sunglasses aggressively ordering journalists to &#8220;step back&#8221; from the minister, while compliant reporters subsequently ask only approved questions about combating &#8220;disinformation&#8221;\u2014a term apparently applied to government criticism.<\/p>\n<p>Most notably, the video concludes with journalists breaking into applause and dancing in celebration of the minister&#8217;s announcement that he will expand government messaging to YouTube. This portrayal of jubilant, uncritical media as the ideal has been interpreted as a window into how the administration views the proper role of journalism.<\/p>\n<figure style=\"position:relative;display:block;margin:1.4em 0;max-width:100%;\"><img loading=\"lazy\" decoding=\"async\" width=\"1920\" height=\"1080\" src=\"https:\/\/newsfire.gr\/en\/wp-content\/uploads\/2026\/06\/07.1bt-split-screenshot-desinformation-ar.jpg\" alt=\"nius.de\" class=\"wp-image-7640\" style=\"width:100%;height:auto;\" srcset=\"https:\/\/newsfire.gr\/en\/wp-content\/uploads\/2026\/06\/07.1bt-split-screenshot-desinformation-ar.jpg 1920w, https:\/\/newsfire.gr\/en\/wp-content\/uploads\/2026\/06\/07.1bt-split-screenshot-desinformation-ar-300x169.jpg 300w, https:\/\/newsfire.gr\/en\/wp-content\/uploads\/2026\/06\/07.1bt-split-screenshot-desinformation-ar-1024x576.jpg 1024w, https:\/\/newsfire.gr\/en\/wp-content\/uploads\/2026\/06\/07.1bt-split-screenshot-desinformation-ar-768x432.jpg 768w, https:\/\/newsfire.gr\/en\/wp-content\/uploads\/2026\/06\/07.1bt-split-screenshot-desinformation-ar-1536x864.jpg 1536w, https:\/\/newsfire.gr\/en\/wp-content\/uploads\/2026\/06\/07.1bt-split-screenshot-desinformation-ar-1200x675.jpg 1200w\" sizes=\"auto, (max-width: 1920px) 100vw, 1920px\" \/><figcaption style=\"display:block;font-size:12px;color:#666;font-style:italic;margin-top:5px;padding:0;text-align:left;\">Photo: nius.de<\/figcaption><\/figure>\n<h2>Environmental Ministry Pushes Economic Control<\/h2>\n<p>The Environment Ministry under <strong>Carsten Schneider<\/strong> has also drawn fire for social media content promoting what critics describe as central planning over free market principles. When citizens complain about high fuel prices, Schneider&#8217;s response has been to suggest they simply purchase electric vehicles instead.<\/p>\n<figure style=\"position:relative;display:block;margin:1.4em 0;max-width:100%;\"><img loading=\"lazy\" decoding=\"async\" width=\"1920\" height=\"1080\" src=\"https:\/\/newsfire.gr\/en\/wp-content\/uploads\/2026\/06\/17bt-vollbild-stern-reiche-ar.jpg\" alt=\"nius.de\" class=\"wp-image-7641\" style=\"width:100%;height:auto;\" srcset=\"https:\/\/newsfire.gr\/en\/wp-content\/uploads\/2026\/06\/17bt-vollbild-stern-reiche-ar.jpg 1920w, https:\/\/newsfire.gr\/en\/wp-content\/uploads\/2026\/06\/17bt-vollbild-stern-reiche-ar-300x169.jpg 300w, https:\/\/newsfire.gr\/en\/wp-content\/uploads\/2026\/06\/17bt-vollbild-stern-reiche-ar-1024x576.jpg 1024w, https:\/\/newsfire.gr\/en\/wp-content\/uploads\/2026\/06\/17bt-vollbild-stern-reiche-ar-768x432.jpg 768w, https:\/\/newsfire.gr\/en\/wp-content\/uploads\/2026\/06\/17bt-vollbild-stern-reiche-ar-1536x864.jpg 1536w, https:\/\/newsfire.gr\/en\/wp-content\/uploads\/2026\/06\/17bt-vollbild-stern-reiche-ar-1200x675.jpg 1200w\" sizes=\"auto, (max-width: 1920px) 100vw, 1920px\" \/><figcaption style=\"display:block;font-size:12px;color:#666;font-style:italic;margin-top:5px;padding:0;text-align:left;\">Photo: nius.de<\/figcaption><\/figure>\n<p>The broader pattern emerging from these government communications, according to the assessment, is an administrative class that sees itself as entitled to dictate not only policy but also public opinion, consumer choices, and acceptable discourse. The calculated nature of these social media campaigns suggests they are not isolated missteps but rather deliberate expressions of an authoritarian governing philosophy.<\/p>\n<h2>Questions of Competence and Vision<\/h2>\n<p>Beyond matters of tone and attitude, fundamental questions persist about the current government&#8217;s effectiveness. The UN Security Council defeat represents Germany&#8217;s most significant diplomatic setback since World War II, yet accountability for such failures appears absent.<\/p>\n<p>The administration&#8217;s focus appears to be not on addressing policy failures or responding to citizen concerns about economic pressures, but rather on controlling narratives and suppressing criticism through expanded government messaging operations across digital platforms.<\/p>\n<p>As taxpayer-funded ministry departments devote resources to producing slick social media content portraying citizens as problems to be solved and journalists as cheerleaders to be cultivated, fundamental questions arise about whether this represents appropriate use of public funds or a healthy relationship between government and governed in a democratic society.<\/p>\n<p style=\"text-align:right\"><em>With information from <a href=\"https:\/\/nius.de\" target=\"_blank\" rel=\"noopener\">Nius<\/a><\/em><\/p>\n","protected":false},"excerpt":{"rendered":"<p>Germany&#8217;s governing coalition faces criticism for what opponents call an authoritarian, condescending approach to citizens, particularly through social media campaigns that treat voters as subjects requiring management rather than stakeholders deserving respect.<\/p>\n","protected":false},"author":47,"featured_media":7642,"comment_status":"open","ping_status":"open","sticky":false,"template":"","format":"standard","meta":{"footnotes":""},"categories":[122],"tags":[3561,25,7556,5971,7555,7557],"nfg_topic":[137],"class_list":["post-7643","post","type-post","status-publish","format-standard","has-post-thumbnail","hentry","category-news","tag-barbel-bas","tag-germany","tag-government-criticism","tag-lars-klingbeil","tag-political-propaganda","tag-social-media-campaigns","nfg_topic-culture-wars"],"_links":{"self":[{"href":"https:\/\/newsfire.gr\/en\/wp-json\/wp\/v2\/posts\/7643","targetHints":{"allow":["GET"]}}],"collection":[{"href":"https:\/\/newsfire.gr\/en\/wp-json\/wp\/v2\/posts"}],"about":[{"href":"https:\/\/newsfire.gr\/en\/wp-json\/wp\/v2\/types\/post"}],"author":[{"embeddable":true,"href":"https:\/\/newsfire.gr\/en\/wp-json\/wp\/v2\/users\/47"}],"replies":[{"embeddable":true,"href":"https:\/\/newsfire.gr\/en\/wp-json\/wp\/v2\/comments?post=7643"}],"version-history":[{"count":1,"href":"https:\/\/newsfire.gr\/en\/wp-json\/wp\/v2\/posts\/7643\/revisions"}],"predecessor-version":[{"id":7845,"href":"https:\/\/newsfire.gr\/en\/wp-json\/wp\/v2\/posts\/7643\/revisions\/7845"}],"wp:featuredmedia":[{"embeddable":true,"href":"https:\/\/newsfire.gr\/en\/wp-json\/wp\/v2\/media\/7642"}],"wp:attachment":[{"href":"https:\/\/newsfire.gr\/en\/wp-json\/wp\/v2\/media?parent=7643"}],"wp:term":[{"taxonomy":"category","embeddable":true,"href":"https:\/\/newsfire.gr\/en\/wp-json\/wp\/v2\/categories?post=7643"},{"taxonomy":"post_tag","embeddable":true,"href":"https:\/\/newsfire.gr\/en\/wp-json\/wp\/v2\/tags?post=7643"},{"taxonomy":"nfg_topic","embeddable":true,"href":"https:\/\/newsfire.gr\/en\/wp-json\/wp\/v2\/nfg_topic?post=7643"}],"curies":[{"name":"wp","href":"https:\/\/api.w.org\/{rel}","templated":true}]}}