{"id":7144,"date":"2026-06-18T04:05:27","date_gmt":"2026-06-18T01:05:27","guid":{"rendered":"https:\/\/newsfire.gr\/en\/?p=7144"},"modified":"2026-06-18T04:05:27","modified_gmt":"2026-06-18T01:05:27","slug":"hungarian-parliament-bars-orban-from-future-return-to-power","status":"publish","type":"post","link":"https:\/\/newsfire.gr\/en\/hungarian-parliament-bars-orban-from-future-return-to-power\/","title":{"rendered":"Hungarian Parliament Bars Orban From Future Return to Power"},"content":{"rendered":"<p>The measure passed with 135 votes in favor and 50 against, according to <em>Breitbart News<\/em>, cementing the grip on power of recently elected Prime Minister <strong>P\u00e9ter Magyar<\/strong> in Budapest.<\/p>\n<p>The retroactive clause of the amendment means that anyone who has previously served eight or more years as prime minister is now prohibited from running for the office in future elections. Critics have pointed out that only one person alive meets this criterion: Viktor Orb\u00e1n himself.<\/p>\n<blockquote class=\"twitter-tweet\" data-dnt=\"true\"><p><a href=\"https:\/\/twitter.com\/BreitbartLondon\/status\/2041543893125071047\" target=\"_blank\" rel=\"noopener\"><\/a><\/p><\/blockquote>\n<p><script async src=\"https:\/\/platform.twitter.com\/widgets.js\" charset=\"utf-8\"><\/script><\/p>\n<p><strong>Viktor Orb\u00e1n<\/strong> served as prime minister from 1998 to 2002, then led the opposition until returning to power in 2010. He remained in office until May of this year, when his Fidesz party was defeated by Magyar&#8217;s Tisza party in national elections.<\/p>\n<p>When questioned about the amendment on Monday, Orb\u00e1n responded with characteristic wit, noting that the measure was clearly personal in nature.<\/p>\n<p><strong>Gergely Guly\u00e1s<\/strong>, leader of the Fidesz parliamentary faction, condemned the move in stronger terms, describing personalized legislation with retroactive effect as a unique low point in Hungary&#8217;s post-communist governance.<\/p>\n<h2>Accusations of Targeted Political Warfare<\/h2>\n<p>Hungarian Member of the European Parliament <strong>Andr\u00e1s L\u00e1szl\u00f3<\/strong> drew broader connections to similar tactics deployed across Europe. He accused liberals of preaching democracy while using legal mechanisms to exclude leading challengers rather than winning through argument and popular support, citing examples of lawfare against conservatives in France, Italy, Austria, Germany, Poland, and Czechia.<\/p>\n<blockquote class=\"twitter-tweet\" data-dnt=\"true\"><p><a href=\"https:\/\/twitter.com\/BreitbartLondon\/status\/2045239626022244378\" target=\"_blank\" rel=\"noopener\"><\/a><\/p><\/blockquote>\n<p><script async src=\"https:\/\/platform.twitter.com\/widgets.js\" charset=\"utf-8\"><\/script><\/p>\n<p>L\u00e1szl\u00f3 emphasized that despite holding a supermajority for sixteen years, Fidesz never banned political opponents from running, while Tisza enacted such a ban mere weeks after winning power.<\/p>\n<h2>Lawfare Campaign Targets Orb\u00e1n Allies<\/h2>\n<p>Magyar has also moved aggressively against former Orb\u00e1n government officials, establishing investigative committees tasked with uncovering alleged misconduct during the previous administration. The effort appears designed both to clear the political field and to satisfy Brussels bureaucrats who froze substantial Covid relief funds over objections to Orb\u00e1n&#8217;s conservative domestic policies.<\/p>\n<p>The release of those frozen EU funds may now hinge on Magyar&#8217;s willingness to pursue his predecessor&#8217;s circle, marking a convergence of domestic political consolidation and international pressure from European institutions.<\/p>\n<p style=\"text-align:right\"><em>With information from <a href=\"https:\/\/breitbart.com\" target=\"_blank\" rel=\"noopener\">Breitbart News<\/a><\/em><\/p>\n","protected":false},"excerpt":{"rendered":"<p>Hungary&#8217;s National Assembly passed a constitutional amendment imposing an eight-year retroactive term limit on prime ministers, effectively barring only Viktor Orb\u00e1n from future office.<\/p>\n","protected":false},"author":39,"featured_media":7143,"comment_status":"open","ping_status":"open","sticky":false,"template":"","format":"standard","meta":{"footnotes":""},"categories":[122],"tags":[3313,3528,886,884,7214,3520,218],"nfg_topic":[134],"class_list":["post-7144","post","type-post","status-publish","format-standard","has-post-thumbnail","hentry","category-news","tag-constitutional-amendment","tag-fidesz","tag-hungary","tag-peter-magyar","tag-term-limits","tag-tisza-party","tag-viktor-orban","nfg_topic-europe"],"_links":{"self":[{"href":"https:\/\/newsfire.gr\/en\/wp-json\/wp\/v2\/posts\/7144","targetHints":{"allow":["GET"]}}],"collection":[{"href":"https:\/\/newsfire.gr\/en\/wp-json\/wp\/v2\/posts"}],"about":[{"href":"https:\/\/newsfire.gr\/en\/wp-json\/wp\/v2\/types\/post"}],"author":[{"embeddable":true,"href":"https:\/\/newsfire.gr\/en\/wp-json\/wp\/v2\/users\/39"}],"replies":[{"embeddable":true,"href":"https:\/\/newsfire.gr\/en\/wp-json\/wp\/v2\/comments?post=7144"}],"version-history":[{"count":1,"href":"https:\/\/newsfire.gr\/en\/wp-json\/wp\/v2\/posts\/7144\/revisions"}],"predecessor-version":[{"id":7307,"href":"https:\/\/newsfire.gr\/en\/wp-json\/wp\/v2\/posts\/7144\/revisions\/7307"}],"wp:featuredmedia":[{"embeddable":true,"href":"https:\/\/newsfire.gr\/en\/wp-json\/wp\/v2\/media\/7143"}],"wp:attachment":[{"href":"https:\/\/newsfire.gr\/en\/wp-json\/wp\/v2\/media?parent=7144"}],"wp:term":[{"taxonomy":"category","embeddable":true,"href":"https:\/\/newsfire.gr\/en\/wp-json\/wp\/v2\/categories?post=7144"},{"taxonomy":"post_tag","embeddable":true,"href":"https:\/\/newsfire.gr\/en\/wp-json\/wp\/v2\/tags?post=7144"},{"taxonomy":"nfg_topic","embeddable":true,"href":"https:\/\/newsfire.gr\/en\/wp-json\/wp\/v2\/nfg_topic?post=7144"}],"curies":[{"name":"wp","href":"https:\/\/api.w.org\/{rel}","templated":true}]}}