{"id":6867,"date":"2026-06-16T22:45:27","date_gmt":"2026-06-16T19:45:27","guid":{"rendered":"https:\/\/newsfire.gr\/en\/?p=6867"},"modified":"2026-06-16T22:45:27","modified_gmt":"2026-06-16T19:45:27","slug":"schonbohm-wins-court-case-against-zdf-but-must-pay-costs-himself","status":"publish","type":"post","link":"https:\/\/newsfire.gr\/en\/schonbohm-wins-court-case-against-zdf-but-must-pay-costs-himself\/","title":{"rendered":"Sch\u00f6nbohm wins court case against ZDF but must pay costs himself"},"content":{"rendered":"<p>The Munich Higher Regional Court on Tuesday confirmed a lower court decision prohibiting ZDF from repeating or distributing four specific claims made in the &#8220;ZDF Magazin Royale&#8221; program about <strong>Arne Sch\u00f6nbohm<\/strong>, who at the time served as president of the Federal Office for Information Security (BSI). The court rejected Sch\u00f6nbohm&#8217;s demand for financial compensation of 100,000 euros, according to <em>Nius<\/em>.<\/p>\n<p>The case has emerged as one of Germany&#8217;s most significant media law disputes in recent years, forcing judicial examination of how far satire may go when making accusations about real individuals.<\/p>\n<figure style=\"position:relative;display:block;margin:1.4em 0;max-width:100%;\"><img loading=\"lazy\" decoding=\"async\" width=\"2560\" height=\"1440\" src=\"https:\/\/newsfire.gr\/en\/wp-content\/uploads\/2026\/06\/320487005-scaled.jpg\" alt=\"Die damalige Innenministerin Nancy Faeser (SPD, rechts) versetzte nach B\u00f6hmermanns Sendung den BSI-Chef Arne Sch\u00f6nbohm (links).\" class=\"wp-image-6863\" style=\"width:100%;height:auto;\" srcset=\"https:\/\/newsfire.gr\/en\/wp-content\/uploads\/2026\/06\/320487005-scaled.jpg 2560w, https:\/\/newsfire.gr\/en\/wp-content\/uploads\/2026\/06\/320487005-300x169.jpg 300w, https:\/\/newsfire.gr\/en\/wp-content\/uploads\/2026\/06\/320487005-1024x576.jpg 1024w, https:\/\/newsfire.gr\/en\/wp-content\/uploads\/2026\/06\/320487005-768x432.jpg 768w, https:\/\/newsfire.gr\/en\/wp-content\/uploads\/2026\/06\/320487005-1536x864.jpg 1536w, https:\/\/newsfire.gr\/en\/wp-content\/uploads\/2026\/06\/320487005-2048x1152.jpg 2048w, https:\/\/newsfire.gr\/en\/wp-content\/uploads\/2026\/06\/320487005-1200x675.jpg 1200w\" sizes=\"auto, (max-width: 2560px) 100vw, 2560px\" \/><figcaption style=\"display:block;font-size:12px;color:#666;font-style:italic;margin-top:5px;padding:0;text-align:left;\">Photo: nius.de<\/figcaption><\/figure>\n<p>In October 2022, B\u00f6hmermann&#8217;s program devoted one of its investigative segments to Sch\u00f6nbohm, focusing on his previous association with an organization called the &#8220;Cyber Security Council Germany,&#8221; which had alleged connections to Russian actors. The broadcast created the impression that Sch\u00f6nbohm himself maintained proximity to Russian intelligence services or at minimum represented a security risk.<\/p>\n<p>Shortly after the program aired, then-Interior Minister <strong>Nancy Faeser<\/strong> of the SPD reassigned Sch\u00f6nbohm from his cybersecurity post to the presidency of the Federal Academy for Public Administration, effective January 1, 2023. Disciplinary proceedings were initiated but subsequently dropped in April 2023 for lack of evidence, with no formal disciplinary procedure ever opened.<\/p>\n<h2>Court Rules Four Statements Violated Personal Rights<\/h2>\n<figure style=\"position:relative;display:block;margin:1.4em 0;max-width:100%;\"><img loading=\"lazy\" decoding=\"async\" width=\"800\" height=\"382\" src=\"https:\/\/newsfire.gr\/en\/wp-content\/uploads\/2026\/06\/image.jpg\" alt=\"In der Sendung vom 7. Oktober 2022 dichtete B\u00f6hmermann Sch\u00f6nbohm eine N\u00e4he zu russischen Geheimdiensten an.\" class=\"wp-image-6864\" style=\"width:100%;height:auto;\" srcset=\"https:\/\/newsfire.gr\/en\/wp-content\/uploads\/2026\/06\/image.jpg 800w, https:\/\/newsfire.gr\/en\/wp-content\/uploads\/2026\/06\/image-300x143.jpg 300w, https:\/\/newsfire.gr\/en\/wp-content\/uploads\/2026\/06\/image-768x367.jpg 768w\" sizes=\"auto, (max-width: 800px) 100vw, 800px\" \/><figcaption style=\"display:block;font-size:12px;color:#666;font-style:italic;margin-top:5px;padding:0;text-align:left;\">Photo: nius.de<\/figcaption><\/figure>\n<p>The Munich Regional Court initially ruled on December 19, 2024, that the public broadcaster must cease distributing four of the five challenged statements from the program and its website. In a press release obtained by <em>Nius<\/em>, the civil chamber stated that two statements made during the broadcast could be understood by viewers to mean Sch\u00f6nbohm had deliberately maintained contacts with Russian intelligence services.<\/p>\n<p>The court characterized these as false assertions of fact that violated Sch\u00f6nbohm&#8217;s general personal rights. Two additional statements published on the ZDF website were also prohibited.<\/p>\n<p>During oral arguments preceding the appeals decision, the presiding judge described ZDF&#8217;s research as &#8220;sloppy at best,&#8221; signaling the court&#8217;s skepticism toward the broadcaster&#8217;s journalistic standards in the matter.<\/p>\n<h2>ZDF Intendant Forced to Sign Cease-and-Desist<\/h2>\n<figure style=\"position:relative;display:block;margin:1.4em 0;max-width:100%;\"><img loading=\"lazy\" decoding=\"async\" width=\"2560\" height=\"1707\" src=\"https:\/\/newsfire.gr\/en\/wp-content\/uploads\/2026\/06\/313209170-scaled.jpg\" alt=\"Norbert Himmler behauptete bei Table Media, das Landgericht M\u00fcnchen habe festgestellt, B\u00f6hmermann habe nichts Falsches \u00fcber Sch\u00f6nbohm gesagt.\" class=\"wp-image-6865\" style=\"width:100%;height:auto;\" srcset=\"https:\/\/newsfire.gr\/en\/wp-content\/uploads\/2026\/06\/313209170-scaled.jpg 2560w, https:\/\/newsfire.gr\/en\/wp-content\/uploads\/2026\/06\/313209170-300x200.jpg 300w, https:\/\/newsfire.gr\/en\/wp-content\/uploads\/2026\/06\/313209170-1024x683.jpg 1024w, https:\/\/newsfire.gr\/en\/wp-content\/uploads\/2026\/06\/313209170-768x512.jpg 768w, https:\/\/newsfire.gr\/en\/wp-content\/uploads\/2026\/06\/313209170-1536x1024.jpg 1536w, https:\/\/newsfire.gr\/en\/wp-content\/uploads\/2026\/06\/313209170-2048x1365.jpg 2048w\" sizes=\"auto, (max-width: 2560px) 100vw, 2560px\" \/><figcaption style=\"display:block;font-size:12px;color:#666;font-style:italic;margin-top:5px;padding:0;text-align:left;\">Photo: nius.de<\/figcaption><\/figure>\n<p>In January 2026, ZDF Director General <strong>Norbert Himmler<\/strong> signed a cease-and-desist declaration committing not to repeat certain characterizations of the court ruling. The move followed Himmler&#8217;s appearance on the &#8220;Table Today&#8221; podcast on November 8, 2025, where he downplayed the lower court decision.<\/p>\n<p>Himmler had suggested the court did not find that ZDF had &#8220;asserted anything false&#8221; and claimed &#8220;not a single sentence was wrong&#8221; in the segment. Sch\u00f6nbohm&#8217;s legal team viewed this as a misleading representation of the judicial findings and demanded retraction. Media reports indicate ZDF also covered approximately 1,400 euros in Sch\u00f6nbohm&#8217;s legal costs related to that matter.<\/p>\n<h2>Former Official Decries Damage to National Security<\/h2>\n<p>Despite winning on four of five points, Sch\u00f6nbohm was denied monetary damages in both court instances. Speaking to <em>Nius<\/em> after the initial ruling, he characterized the decision as a clear victory while emphasizing the broader implications.<\/p>\n<p>Sch\u00f6nbohm stated that the false statements endangered Germany&#8217;s security by portraying him as a Russian spy, claims that were picked up by international media from the United States to Japan. He called for significant consequences at ZDF to prevent similar false reporting in the future.<\/p>\n<p>Both parties had filed appeals against portions of the lower court ruling, but the Munich Higher Regional Court maintained the essential prohibitions while continuing to deny financial compensation.<\/p>\n<p style=\"text-align:right\"><em>With information from <a href=\"https:\/\/nius.de\" target=\"_blank\" rel=\"noopener\">Nius<\/a><\/em><\/p>\n","protected":false},"excerpt":{"rendered":"<p>A Munich appeals court upheld a ruling that four statements by satirist Jan B\u00f6hmermann falsely suggested a former German cybersecurity chief had ties to Russian intelligence.<\/p>\n","protected":false},"author":47,"featured_media":6866,"comment_status":"open","ping_status":"open","sticky":false,"template":"","format":"standard","meta":{"footnotes":""},"categories":[122],"tags":[6991,3189,3259,25,5848,6992,3969],"nfg_topic":[134],"class_list":["post-6867","post","type-post","status-publish","format-standard","has-post-thumbnail","hentry","category-news","tag-arne-schonbohm","tag-cybersecurity","tag-defamation","tag-germany","tag-jan-bohmermann","tag-media-law","tag-zdf","nfg_topic-europe"],"_links":{"self":[{"href":"https:\/\/newsfire.gr\/en\/wp-json\/wp\/v2\/posts\/6867","targetHints":{"allow":["GET"]}}],"collection":[{"href":"https:\/\/newsfire.gr\/en\/wp-json\/wp\/v2\/posts"}],"about":[{"href":"https:\/\/newsfire.gr\/en\/wp-json\/wp\/v2\/types\/post"}],"author":[{"embeddable":true,"href":"https:\/\/newsfire.gr\/en\/wp-json\/wp\/v2\/users\/47"}],"replies":[{"embeddable":true,"href":"https:\/\/newsfire.gr\/en\/wp-json\/wp\/v2\/comments?post=6867"}],"version-history":[{"count":1,"href":"https:\/\/newsfire.gr\/en\/wp-json\/wp\/v2\/posts\/6867\/revisions"}],"predecessor-version":[{"id":6954,"href":"https:\/\/newsfire.gr\/en\/wp-json\/wp\/v2\/posts\/6867\/revisions\/6954"}],"wp:featuredmedia":[{"embeddable":true,"href":"https:\/\/newsfire.gr\/en\/wp-json\/wp\/v2\/media\/6866"}],"wp:attachment":[{"href":"https:\/\/newsfire.gr\/en\/wp-json\/wp\/v2\/media?parent=6867"}],"wp:term":[{"taxonomy":"category","embeddable":true,"href":"https:\/\/newsfire.gr\/en\/wp-json\/wp\/v2\/categories?post=6867"},{"taxonomy":"post_tag","embeddable":true,"href":"https:\/\/newsfire.gr\/en\/wp-json\/wp\/v2\/tags?post=6867"},{"taxonomy":"nfg_topic","embeddable":true,"href":"https:\/\/newsfire.gr\/en\/wp-json\/wp\/v2\/nfg_topic?post=6867"}],"curies":[{"name":"wp","href":"https:\/\/api.w.org\/{rel}","templated":true}]}}