{"id":6385,"date":"2026-06-14T03:02:35","date_gmt":"2026-06-14T00:02:35","guid":{"rendered":"https:\/\/newsfire.gr\/en\/?p=6385"},"modified":"2026-06-14T03:02:35","modified_gmt":"2026-06-14T00:02:35","slug":"when-laughter-becomes-suspect-the-firewall-neurosis","status":"publish","type":"post","link":"https:\/\/newsfire.gr\/en\/when-laughter-becomes-suspect-the-firewall-neurosis\/","title":{"rendered":"When Laughter Becomes Suspect: The Firewall Neurosis"},"content":{"rendered":"<p><strong>A photograph showing two politicians laughing together has triggered a media firestorm in Germany, with the Christian Democratic Union forced into damage control after its parliamentary leader was pictured smiling alongside a rival candidate from the Alternative for Germany party.<\/strong><\/p>\n<p>The image shows <strong>Guido Heuer<\/strong>, the CDU parliamentary group leader in Saxony-Anhalt, sitting shoulder to shoulder with <strong>Ulrich Siegmund<\/strong>, the AfD&#8217;s top candidate in the state, both laughing cheerfully at an event. According to <em>Nius<\/em>, the entire political explosive power of the photograph lies in one fact: two men are laughing who are not supposed to laugh together.<\/p>\n<figure style=\"position:relative;display:block;margin:1.4em 0;max-width:100%;\"><img loading=\"lazy\" decoding=\"async\" width=\"1024\" height=\"683\" src=\"https:\/\/newsfire.gr\/en\/wp-content\/uploads\/2026\/06\/861df234-cee5-4862-8ea7-b55b61ece8ac.jpg\" alt=\"CDU-Fraktionschef Guido Heuer und AfD-Spitzenkandidat Ulrich Siegmund Schulter an Schulter bei einer Veranstaltung in Sachsen-Anhalt. Botschaft: Die Chemie stimmt!\" class=\"wp-image-6379\" style=\"width:100%;height:auto;\" srcset=\"https:\/\/newsfire.gr\/en\/wp-content\/uploads\/2026\/06\/861df234-cee5-4862-8ea7-b55b61ece8ac.jpg 1024w, https:\/\/newsfire.gr\/en\/wp-content\/uploads\/2026\/06\/861df234-cee5-4862-8ea7-b55b61ece8ac-300x200.jpg 300w, https:\/\/newsfire.gr\/en\/wp-content\/uploads\/2026\/06\/861df234-cee5-4862-8ea7-b55b61ece8ac-768x512.jpg 768w\" sizes=\"auto, (max-width: 1024px) 100vw, 1024px\" \/><figcaption style=\"display:block;font-size:12px;color:#666;font-style:italic;margin-top:5px;padding:0;text-align:left;\">Photo: nius.de<\/figcaption><\/figure>\n<p>The picture has alarmed those determined to maintain what German political circles call the &#8220;Brandmauer&#8221; or firewall between the Union parties and the AfD. Media outlets across Germany pounced on the image, with Bild claiming it put Heuer in a position of having to explain himself, while the Tagesspiegel and Mitteldeutsche Zeitung reported it caused irritations, and Focus suggested it brought Heuer into difficulties.<\/p>\n<p>At the CDU state party conference in Dessau, Heuer found himself surrounded by television crews and reporters demanding he justify why he had laughed alongside the AfD politician, as <em>Nius<\/em> reports. The CDU leader explained that he had been reaching for the microphone to correct a false statement made by Siegmund during a debate, and the laughter occurred in that moment.<\/p>\n<figure style=\"position:relative;display:block;margin:1.4em 0;max-width:100%;\"><img loading=\"lazy\" decoding=\"async\" width=\"2560\" height=\"1724\" src=\"https:\/\/newsfire.gr\/en\/wp-content\/uploads\/2026\/06\/landesparteitag-cdu-sachsen-anhalt-scaled.jpg\" alt=\"Guido Heuer auf dem CDU-Landesparteitag in Dessau\" class=\"wp-image-6380\" style=\"width:100%;height:auto;\" srcset=\"https:\/\/newsfire.gr\/en\/wp-content\/uploads\/2026\/06\/landesparteitag-cdu-sachsen-anhalt-scaled.jpg 2560w, https:\/\/newsfire.gr\/en\/wp-content\/uploads\/2026\/06\/landesparteitag-cdu-sachsen-anhalt-300x202.jpg 300w, https:\/\/newsfire.gr\/en\/wp-content\/uploads\/2026\/06\/landesparteitag-cdu-sachsen-anhalt-1024x690.jpg 1024w, https:\/\/newsfire.gr\/en\/wp-content\/uploads\/2026\/06\/landesparteitag-cdu-sachsen-anhalt-768x517.jpg 768w, https:\/\/newsfire.gr\/en\/wp-content\/uploads\/2026\/06\/landesparteitag-cdu-sachsen-anhalt-1536x1035.jpg 1536w, https:\/\/newsfire.gr\/en\/wp-content\/uploads\/2026\/06\/landesparteitag-cdu-sachsen-anhalt-2048x1379.jpg 2048w\" sizes=\"auto, (max-width: 2560px) 100vw, 2560px\" \/><figcaption style=\"display:block;font-size:12px;color:#666;font-style:italic;margin-top:5px;padding:0;text-align:left;\">Photo: nius.de<\/figcaption><\/figure>\n<p>The incident reveals what <em>Nius<\/em> describes as a deeply troubling neurosis within German society, where a captured moment of human interaction is placed under political suspicion. From the podium at the CDU conference in Dessau, party officials publicly announced they would not address the photograph and would not discuss the firewall question.<\/p>\n<p>The expectation appears clear: looking grim is mandatory when the AfD is in the room. Showing any sign of collegial understanding with political opponents from that party invites scrutiny and suspicion, regardless of context.<\/p>\n<figure style=\"position:relative;display:block;margin:1.4em 0;max-width:100%;\"><img loading=\"lazy\" decoding=\"async\" width=\"2560\" height=\"1734\" src=\"https:\/\/newsfire.gr\/en\/wp-content\/uploads\/2026\/06\/landesparteitag-cdu-sachsen-anhalt-2--scaled.jpg\" alt=\"Spitzenkandidat und Amtstr\u00e4ger Sven Schulze k\u00e4mpft weiter mit Brandmauer-Prinzip um W\u00e4hlerstimmen.\" class=\"wp-image-6381\" style=\"width:100%;height:auto;\" srcset=\"https:\/\/newsfire.gr\/en\/wp-content\/uploads\/2026\/06\/landesparteitag-cdu-sachsen-anhalt-2--scaled.jpg 2560w, https:\/\/newsfire.gr\/en\/wp-content\/uploads\/2026\/06\/landesparteitag-cdu-sachsen-anhalt-2--300x203.jpg 300w, https:\/\/newsfire.gr\/en\/wp-content\/uploads\/2026\/06\/landesparteitag-cdu-sachsen-anhalt-2--1024x694.jpg 1024w, https:\/\/newsfire.gr\/en\/wp-content\/uploads\/2026\/06\/landesparteitag-cdu-sachsen-anhalt-2--768x520.jpg 768w, https:\/\/newsfire.gr\/en\/wp-content\/uploads\/2026\/06\/landesparteitag-cdu-sachsen-anhalt-2--1536x1040.jpg 1536w, https:\/\/newsfire.gr\/en\/wp-content\/uploads\/2026\/06\/landesparteitag-cdu-sachsen-anhalt-2--2048x1387.jpg 2048w\" sizes=\"auto, (max-width: 2560px) 100vw, 2560px\" \/><figcaption style=\"display:block;font-size:12px;color:#666;font-style:italic;margin-top:5px;padding:0;text-align:left;\">Photo: nius.de<\/figcaption><\/figure>\n<p>The phenomenon extends beyond mere photographs. Anyone emphasizing freedom of speech is accused of serving a right-wing narrative if that freedom happens to benefit the wrong people. Those who point out that democratic majorities from elections must be respected are suspected of being AfD activists or supporters, as if accepting election results were not the most normal thing in the world for democrats in a democracy.<\/p>\n<figure style=\"position:relative;display:block;margin:1.4em 0;max-width:100%;\"><img loading=\"lazy\" decoding=\"async\" width=\"1920\" height=\"1080\" src=\"https:\/\/newsfire.gr\/en\/wp-content\/uploads\/2026\/06\/infografik-afd-sachsenanhalt.jpg\" alt=\"nius.de\" class=\"wp-image-6382\" style=\"width:100%;height:auto;\" srcset=\"https:\/\/newsfire.gr\/en\/wp-content\/uploads\/2026\/06\/infografik-afd-sachsenanhalt.jpg 1920w, https:\/\/newsfire.gr\/en\/wp-content\/uploads\/2026\/06\/infografik-afd-sachsenanhalt-300x169.jpg 300w, https:\/\/newsfire.gr\/en\/wp-content\/uploads\/2026\/06\/infografik-afd-sachsenanhalt-1024x576.jpg 1024w, https:\/\/newsfire.gr\/en\/wp-content\/uploads\/2026\/06\/infografik-afd-sachsenanhalt-768x432.jpg 768w, https:\/\/newsfire.gr\/en\/wp-content\/uploads\/2026\/06\/infografik-afd-sachsenanhalt-1536x864.jpg 1536w, https:\/\/newsfire.gr\/en\/wp-content\/uploads\/2026\/06\/infografik-afd-sachsenanhalt-1200x675.jpg 1200w\" sizes=\"auto, (max-width: 1920px) 100vw, 1920px\" \/><figcaption style=\"display:block;font-size:12px;color:#666;font-style:italic;margin-top:5px;padding:0;text-align:left;\">Photo: nius.de<\/figcaption><\/figure>\n<p>The situation raises absurd questions about the limits of this political segregation. Should a CDU member who falls in love with an AfD member face social ostracism? Are brothers <strong>Marcus B\u00fchl<\/strong>, an AfD member of the Bundestag, and <strong>Andreas B\u00fchl<\/strong>, CDU parliamentary leader in the Thuringian state parliament, forbidden from encountering each other at family celebrations in their shared electoral district?<\/p>\n<p>In the old Bonn Republic, sharing a beer across party lines after heated parliamentary debates was considered a sign of mature democracy. Those days appear long gone. Now laughter itself, one of the most primal and ultimately uncontrollable human reflexes, becomes grounds for media and social prosecution.<\/p>\n<figure style=\"position:relative;display:block;margin:1.4em 0;max-width:100%;\"><img loading=\"lazy\" decoding=\"async\" width=\"2560\" height=\"1440\" src=\"https:\/\/newsfire.gr\/en\/wp-content\/uploads\/2026\/06\/sonntagsfrage-16x9-1--scaled.jpg\" alt=\"nius.de\" class=\"wp-image-6383\" style=\"width:100%;height:auto;\" srcset=\"https:\/\/newsfire.gr\/en\/wp-content\/uploads\/2026\/06\/sonntagsfrage-16x9-1--scaled.jpg 2560w, https:\/\/newsfire.gr\/en\/wp-content\/uploads\/2026\/06\/sonntagsfrage-16x9-1--300x169.jpg 300w, https:\/\/newsfire.gr\/en\/wp-content\/uploads\/2026\/06\/sonntagsfrage-16x9-1--1024x576.jpg 1024w, https:\/\/newsfire.gr\/en\/wp-content\/uploads\/2026\/06\/sonntagsfrage-16x9-1--768x432.jpg 768w, https:\/\/newsfire.gr\/en\/wp-content\/uploads\/2026\/06\/sonntagsfrage-16x9-1--1536x864.jpg 1536w, https:\/\/newsfire.gr\/en\/wp-content\/uploads\/2026\/06\/sonntagsfrage-16x9-1--2048x1152.jpg 2048w, https:\/\/newsfire.gr\/en\/wp-content\/uploads\/2026\/06\/sonntagsfrage-16x9-1--1200x675.jpg 1200w\" sizes=\"auto, (max-width: 2560px) 100vw, 2560px\" \/><figcaption style=\"display:block;font-size:12px;color:#666;font-style:italic;margin-top:5px;padding:0;text-align:left;\">Photo: nius.de<\/figcaption><\/figure>\n<p>The irony is stark: those who constantly bemoan the division of society are the very ones demanding that division extend into every last corner of daily life. Hostility as a full-time occupation, suspicion as a business model, and the suggestion that AfD members are barely human anymore all find expression in this supposed scandal over a photograph of two men laughing.<\/p>\n<p>The firewall fighters have dug themselves so deeply into their trenches that gestures and facial expressions alone are sufficient to trigger political interrogation, reminiscent of party control commissions calling deviants to account in authoritarian systems.<\/p>\n<p>The photograph scandal is particularly absurd given the polling gap between the AfD and Union in Saxsen-Anhalt, where any suggestion that a moment of shared humanity represents abandonment of political competition defies basic logic. Yet the media treatment and political response suggest that maintaining the appearance of perpetual hostility has become more important than normal human interaction between elected representatives.<\/p>\n<p style=\"text-align:right\"><em>With information from <a href=\"https:\/\/nius.de\" target=\"_blank\" rel=\"noopener\">Nius<\/a><\/em><\/p>\n","protected":false},"excerpt":{"rendered":"<p>A photo of Germany&#8217;s CDU parliamentary leader laughing with an AfD candidate sparked controversy over the &#8220;firewall&#8221; between mainstream parties and the far-right AfD.<\/p>\n","protected":false},"author":39,"featured_media":6384,"comment_status":"open","ping_status":"open","sticky":false,"template":"","format":"standard","meta":{"footnotes":""},"categories":[122],"tags":[9,6661,34,25,6547,393,863,5957],"nfg_topic":[134],"class_list":["post-6385","post","type-post","status-publish","format-standard","has-post-thumbnail","hentry","category-news","tag-afd","tag-brandmauer-firewall","tag-cdu","tag-germany","tag-guido-heuer","tag-politics","tag-saxony-anhalt","tag-ulrich-siegmund","nfg_topic-europe"],"_links":{"self":[{"href":"https:\/\/newsfire.gr\/en\/wp-json\/wp\/v2\/posts\/6385","targetHints":{"allow":["GET"]}}],"collection":[{"href":"https:\/\/newsfire.gr\/en\/wp-json\/wp\/v2\/posts"}],"about":[{"href":"https:\/\/newsfire.gr\/en\/wp-json\/wp\/v2\/types\/post"}],"author":[{"embeddable":true,"href":"https:\/\/newsfire.gr\/en\/wp-json\/wp\/v2\/users\/39"}],"replies":[{"embeddable":true,"href":"https:\/\/newsfire.gr\/en\/wp-json\/wp\/v2\/comments?post=6385"}],"version-history":[{"count":1,"href":"https:\/\/newsfire.gr\/en\/wp-json\/wp\/v2\/posts\/6385\/revisions"}],"predecessor-version":[{"id":6422,"href":"https:\/\/newsfire.gr\/en\/wp-json\/wp\/v2\/posts\/6385\/revisions\/6422"}],"wp:featuredmedia":[{"embeddable":true,"href":"https:\/\/newsfire.gr\/en\/wp-json\/wp\/v2\/media\/6384"}],"wp:attachment":[{"href":"https:\/\/newsfire.gr\/en\/wp-json\/wp\/v2\/media?parent=6385"}],"wp:term":[{"taxonomy":"category","embeddable":true,"href":"https:\/\/newsfire.gr\/en\/wp-json\/wp\/v2\/categories?post=6385"},{"taxonomy":"post_tag","embeddable":true,"href":"https:\/\/newsfire.gr\/en\/wp-json\/wp\/v2\/tags?post=6385"},{"taxonomy":"nfg_topic","embeddable":true,"href":"https:\/\/newsfire.gr\/en\/wp-json\/wp\/v2\/nfg_topic?post=6385"}],"curies":[{"name":"wp","href":"https:\/\/api.w.org\/{rel}","templated":true}]}}