{"id":6258,"date":"2026-06-13T11:11:44","date_gmt":"2026-06-13T08:11:44","guid":{"rendered":"https:\/\/newsfire.gr\/en\/?p=6258"},"modified":"2026-06-13T11:11:44","modified_gmt":"2026-06-13T08:11:44","slug":"austrias-fpo-takes-flight-with-song-about-remigration","status":"publish","type":"post","link":"https:\/\/newsfire.gr\/en\/austrias-fpo-takes-flight-with-song-about-remigration\/","title":{"rendered":"Austria&#8217;s FP\u00d6 Takes Flight with Song About Remigration"},"content":{"rendered":"<p>According to <em>Junge Freiheit<\/em>, the video features lyrics declaring &#8220;Airbert One takes off, the problem cases are on board,&#8221; in what represents a bold assertion of the party&#8217;s stance on immigration enforcement. The production marks an escalation in the political battle over the concept of remigration in Austrian politics.<\/p>\n<p>The party led by <strong>Herbert Kickl<\/strong> issued a statement condemning what it describes as the hesitation and wavering of the Austrian People&#8217;s Party (\u00d6VP) on the remigration question as no longer acceptable. The FP\u00d6 contends that with the \u00d6VP responsible for security matters, no effective solution will be found. Only the Freedom Party, they assert, guarantees a consistent asylum policy in Austria that includes remigration.<\/p>\n<h2>Political Battle Over Terminology Intensifies<\/h2>\n<p>The term remigration has become fiercely contested in Austrian political discourse over recent months. Representatives from the Social Democratic Party (SP\u00d6) and the Greens have accused the Freedom Party of attempting to normalize what they characterize as far-right terminology.<\/p>\n<p>Justice Minister <strong>Anna Sporrer<\/strong> of the SP\u00d6 stated during a National Council debate on the 2024 extremism report that normalizing the term would constitute a dangerous shift in political discourse that must be resolutely opposed.<\/p>\n<h2>Parliamentary Procedures Target Conservative Language<\/h2>\n<p>The presidium of the National Council has recently taken up the matter of whether the term should be permitted in parliamentary debate. <strong>Doris Bures<\/strong> of the SP\u00d6, the Third President of the National Council, has indicated her intention to continue issuing parliamentary reprimands for its use.<\/p>\n<p>National Council President <strong>Walter Rosenkranz<\/strong> of the FP\u00d6, however, maintains that the term is not inherently prohibited, arguing that context determines appropriateness.<\/p>\n<h2>Song Promotes Policy as Liberation<\/h2>\n<p>The FP\u00d6 has made clear that the musical campaign represents resistance against attempts to suppress the term from political debate. The party stated that remigration should not be vilified in political discussion.<\/p>\n<p>The chorus of what the party characterizes as a festive anthem includes the lines: &#8220;The plane takes off, light and free, Remigration, la-la-la-la! Austria is free, all is well, such a day that simply works wonders! And the sun shines and the sky laughs, Airbert One, Airbert One takes off today. Remigration, bye-bye-bye-bye, Austria is free! Airbert One, Airbert One, hip-hip-hooray!&#8221;<\/p>\n<p>The &#8220;Airbert One&#8221; branding plays on party leader Herbert Kickl&#8217;s first name, framing deportation enforcement as a national renewal project.<\/p>\n<p style=\"text-align:right\"><em>With information from <a href=\"https:\/\/jungefreiheit.de\" target=\"_blank\" rel=\"noopener\">Junge Freiheit<\/a><\/em><\/p>\n","protected":false},"excerpt":{"rendered":"<p>Austria&#8217;s Freedom Party released a campaign video promoting remigration policy, intensifying political conflict over immigration terminology that establishment parties seek to ban from parliamentary debate.<\/p>\n","protected":false},"author":39,"featured_media":6257,"comment_status":"open","ping_status":"open","sticky":false,"template":"","format":"standard","meta":{"footnotes":""},"categories":[122],"tags":[4459,571,4194,6542,264,6543,3993],"nfg_topic":[134],"class_list":["post-6258","post","type-post","status-publish","format-standard","has-post-thumbnail","hentry","category-news","tag-asylum-policy","tag-austria","tag-fpoe","tag-herbert-kickl","tag-immigration-enforcement","tag-ovp","tag-remigration","nfg_topic-europe"],"_links":{"self":[{"href":"https:\/\/newsfire.gr\/en\/wp-json\/wp\/v2\/posts\/6258","targetHints":{"allow":["GET"]}}],"collection":[{"href":"https:\/\/newsfire.gr\/en\/wp-json\/wp\/v2\/posts"}],"about":[{"href":"https:\/\/newsfire.gr\/en\/wp-json\/wp\/v2\/types\/post"}],"author":[{"embeddable":true,"href":"https:\/\/newsfire.gr\/en\/wp-json\/wp\/v2\/users\/39"}],"replies":[{"embeddable":true,"href":"https:\/\/newsfire.gr\/en\/wp-json\/wp\/v2\/comments?post=6258"}],"version-history":[{"count":1,"href":"https:\/\/newsfire.gr\/en\/wp-json\/wp\/v2\/posts\/6258\/revisions"}],"predecessor-version":[{"id":6264,"href":"https:\/\/newsfire.gr\/en\/wp-json\/wp\/v2\/posts\/6258\/revisions\/6264"}],"wp:featuredmedia":[{"embeddable":true,"href":"https:\/\/newsfire.gr\/en\/wp-json\/wp\/v2\/media\/6257"}],"wp:attachment":[{"href":"https:\/\/newsfire.gr\/en\/wp-json\/wp\/v2\/media?parent=6258"}],"wp:term":[{"taxonomy":"category","embeddable":true,"href":"https:\/\/newsfire.gr\/en\/wp-json\/wp\/v2\/categories?post=6258"},{"taxonomy":"post_tag","embeddable":true,"href":"https:\/\/newsfire.gr\/en\/wp-json\/wp\/v2\/tags?post=6258"},{"taxonomy":"nfg_topic","embeddable":true,"href":"https:\/\/newsfire.gr\/en\/wp-json\/wp\/v2\/nfg_topic?post=6258"}],"curies":[{"name":"wp","href":"https:\/\/api.w.org\/{rel}","templated":true}]}}