{"id":5414,"date":"2026-06-09T13:40:26","date_gmt":"2026-06-09T10:40:26","guid":{"rendered":"https:\/\/newsfire.gr\/en\/?p=5414"},"modified":"2026-06-09T13:40:26","modified_gmt":"2026-06-09T10:40:26","slug":"pope-leo-xiv-urges-europe-to-defend-life-in-spain-address","status":"publish","type":"post","link":"https:\/\/newsfire.gr\/en\/pope-leo-xiv-urges-europe-to-defend-life-in-spain-address\/","title":{"rendered":"Pope Leo XIV Urges Europe to Defend Life in Spain Address"},"content":{"rendered":"<p>Speaking before a joint session of the Congress of Deputies and the Senate in Madrid on June 8, the American-born pope used the platform to warn against what he termed a &#8220;throwaway culture&#8221; threatening the unborn, the elderly, and the sick, according to <em>Brussels Signal<\/em>.<\/p>\n<p><strong>Pope Leo XIV<\/strong> told lawmakers that the moral greatness of a nation rests on its willingness to protect its most vulnerable members. He challenged Spanish deputies to consider whether a society that &#8220;casts into the shadows&#8221; those deemed inconvenient could truly call itself just. The remarks drew a seven-minute standing ovation from the chamber.<\/p>\n<p>The pontiff framed the protection of life not as a narrow religious concern but as a fundamental goal of civilisation itself, rejecting characterisations of the issue as merely confessional or partisan.<\/p>\n<h2>Warning Against Political Warfare<\/h2>\n<p>The pope reserved particularly sharp language for Spain&#8217;s fractious political climate, as <em>Brussels Signal<\/em> reports. He cautioned that legitimate political plurality must not descend into the permanent demonisation of opponents, urging legislators to &#8220;disarm&#8221; their rhetoric.<\/p>\n<p><strong>Leo XIV<\/strong> emphasised that political firmness does not require contempt and that disagreement need not involve humiliation. The message arrived at a moment of deep division in Spanish politics, with Prime Minister <strong>Pedro S\u00e1nchez<\/strong>&#8216;s minority Socialist government locked in ongoing confrontation with the right-wing opposition led by <strong>Alberto N\u00fa\u00f1ez Feij\u00f3o<\/strong>.<\/p>\n<h2>Immigration and International Law<\/h2>\n<p>On immigration, the pontiff called for respect for migrants&#8217; rights and adherence to international law. The theme is expected to feature prominently in the final leg of his Spanish tour in the Canary Islands, a major entry point for African migrants crossing into Europe.<\/p>\n<p>The pope also addressed the moral limits of state power and raised ethical concerns about artificial intelligence in warfare, drawing on the 16th-century School of Salamanca and its contributions to early conceptions of international law and human rights.<\/p>\n<h2>Europe&#8217;s Christian Identity<\/h2>\n<p>Throughout the visit, <strong>Leo XIV<\/strong> has reasserted Christianity&#8217;s central role in European identity. At a gathering with cultural and business leaders at Madrid&#8217;s Movistar Arena, he revived the call of Pope John Paul II to &#8220;open wide the doors to Christ,&#8221; arguing that Europe cannot be understood apart from its Christian heritage.<\/p>\n<p>That emphasis is set to continue in Barcelona, where the pope will inaugurate a new tower at the Sagrada Fam\u00edlia basilica, the iconic structure designed by <strong>Antoni Gaud\u00ed<\/strong>, whose cause for canonisation advanced in 2025.<\/p>\n<h2>Confronting Clerical Abuse<\/h2>\n<p>Following his parliamentary address, <strong>Leo XIV<\/strong> met with approximately 80 Spanish bishops at the headquarters of the Spanish Episcopal Conference, where he addressed the ongoing scandal of clerical sexual abuse. He described such crimes as a &#8220;plague&#8221; and insisted the Church owes victims listening, truth, justice, and reparation.<\/p>\n<p>The meeting came after an agreement, strongly supported by the Vatican, in which Spain&#8217;s bishops accepted that the country&#8217;s State ombudsman would have final authority over victim compensation.<\/p>\n<h2>Mass Public Devotion<\/h2>\n<p>The Madrid portion of the visit has combined high-level institutional meetings with large-scale public worship. On June 7, the pope celebrated a Corpus Christi Mass at the Plaza de Cibeles that organisers estimated drew up to 1.5 million people. The previous evening, hundreds of thousands of young people attended a vigil at the Plaza de Lima, where the pontiff urged them to become &#8220;protagonists of change.&#8221;<\/p>\n<p>The trip marks <strong>Leo XIV<\/strong>&#8216;s first visit to Spain as pope and the first papal visit to the country in 15 years. The Chicago-born Augustinian, formerly known as <strong>Robert Prevost<\/strong>, was elected to succeed Pope Francis in May 2025.<\/p>\n<p style=\"text-align:right\"><em>With information from <a href=\"https:\/\/brusselssignal.eu\" target=\"_blank\" rel=\"noopener\">Brussels Signal<\/a><\/em><\/p>\n","protected":false},"excerpt":{"rendered":"<p>Pope Leo XIV urged Spanish lawmakers to protect vulnerable lives and reject political polarization in the first-ever papal address to the country&#8217;s parliament on June 8.<\/p>\n","protected":false},"author":47,"featured_media":5413,"comment_status":"open","ping_status":"open","sticky":false,"template":"","format":"standard","meta":{"footnotes":""},"categories":[122],"tags":[4490,2782,5869,1671,2375,5868,630],"nfg_topic":[136],"class_list":["post-5414","post","type-post","status-publish","format-standard","has-post-thumbnail","hentry","category-news","tag-abortion","tag-catholic-church","tag-european-politics","tag-madrid","tag-pope-leo-xiv","tag-right-to-life","tag-spain","nfg_topic-christianity"],"_links":{"self":[{"href":"https:\/\/newsfire.gr\/en\/wp-json\/wp\/v2\/posts\/5414","targetHints":{"allow":["GET"]}}],"collection":[{"href":"https:\/\/newsfire.gr\/en\/wp-json\/wp\/v2\/posts"}],"about":[{"href":"https:\/\/newsfire.gr\/en\/wp-json\/wp\/v2\/types\/post"}],"author":[{"embeddable":true,"href":"https:\/\/newsfire.gr\/en\/wp-json\/wp\/v2\/users\/47"}],"replies":[{"embeddable":true,"href":"https:\/\/newsfire.gr\/en\/wp-json\/wp\/v2\/comments?post=5414"}],"version-history":[{"count":1,"href":"https:\/\/newsfire.gr\/en\/wp-json\/wp\/v2\/posts\/5414\/revisions"}],"predecessor-version":[{"id":5447,"href":"https:\/\/newsfire.gr\/en\/wp-json\/wp\/v2\/posts\/5414\/revisions\/5447"}],"wp:featuredmedia":[{"embeddable":true,"href":"https:\/\/newsfire.gr\/en\/wp-json\/wp\/v2\/media\/5413"}],"wp:attachment":[{"href":"https:\/\/newsfire.gr\/en\/wp-json\/wp\/v2\/media?parent=5414"}],"wp:term":[{"taxonomy":"category","embeddable":true,"href":"https:\/\/newsfire.gr\/en\/wp-json\/wp\/v2\/categories?post=5414"},{"taxonomy":"post_tag","embeddable":true,"href":"https:\/\/newsfire.gr\/en\/wp-json\/wp\/v2\/tags?post=5414"},{"taxonomy":"nfg_topic","embeddable":true,"href":"https:\/\/newsfire.gr\/en\/wp-json\/wp\/v2\/nfg_topic?post=5414"}],"curies":[{"name":"wp","href":"https:\/\/api.w.org\/{rel}","templated":true}]}}