{"id":3711,"date":"2026-05-29T11:45:09","date_gmt":"2026-05-29T08:45:09","guid":{"rendered":"https:\/\/newsfire.gr\/en\/new-incident-in-aegean-coast-guard-vs-turkish-vessel-video\/"},"modified":"2026-05-29T12:21:37","modified_gmt":"2026-05-29T09:21:37","slug":"new-incident-in-aegean-coast-guard-vs-turkish-vessel-video","status":"publish","type":"post","link":"https:\/\/newsfire.gr\/en\/new-incident-in-aegean-coast-guard-vs-turkish-vessel-video\/","title":{"rendered":"New incident in Aegean: Coast Guard vs Turkish vessel (video)"},"content":{"rendered":"<p>According to Turkish media, the vessel was operating in a maritime area where Ankara claims Greece has no operational jurisdiction. During the approach of the Greek vessels, a verbal confrontation broke out between the Turkish fisherman and the Coast Guard crew.<\/p>\n<p>Turkish media also published a video of the incident, which they present as proof of the tension. In the footage, strong language and provocations can be heard from the Turkish fisherman towards the Greek Coast Guard officers, with references to weapons and incitements.<\/p>\n<h2>Video<\/h2>\n<blockquote class=\"twitter-tweet\" data-media-max-width=\"560\">\n<p dir=\"ltr\" lang=\"tr\">K\u00dcF\u00dcRL\u00dc \/ Yunan Sahil G\u00fcvenli\u011fi taraf\u0131ndan taciz edilen T\u00fcrk bal\u0131k\u00e7\u0131 b\u00f6yle meydan okudu:<\/p>\n<p>&#8211; O silah ne lan!<br \/>\n&#8211; S\u0131k s\u0131k s\u0131k hadi!<br \/>\n&#8211; Ne \u00e7\u0131k\u0131yorsun d\u0131\u015far\u0131, gir lan i\u00e7eri!<br \/>\n&#8211; Silah ne o silah ne!<br \/>\n&#8211; \u2026kodu\u011fum seni! <a href=\"https:\/\/t.co\/pmGc6yZ6Tj\">pic.twitter.com\/pmGc6yZ6Tj<\/a><\/p>\n<p>\u2014 Ayk\u0131r\u0131 (@aykiri) <a href=\"https:\/\/x.com\/aykiri\/status\/2059924541917270377?ref_src=twsrc%5Etfw\">May 28, 2026<\/a><\/p><\/blockquote>\n<p><script async src=\"https:\/\/platform.x.com\/widgets.js\" charset=\"utf-8\"><\/script><\/p>\n<h2>Turkish allegations<\/h2>\n<p>As Turkish reports state, the fisherman allegedly reacts strongly during the approach of the Greek patrol boats. The video, which quickly circulated on social media, reinforces, in the Turkish side&#8217;s view, the image of a new escalation in the Aegean.<\/p>\n<p>The incident comes at a time when tensions in the region remain frequent, with mutual allegations of violations and harassment between the two countries.<\/p>\n<p>As <em>Sigmalive<\/em> reports in its publication, the footage comes from Turkish sources and shows the fisherman expressing himself in a vulgar manner towards the Greek Coast Guard vessels.<\/p>\n","protected":false},"excerpt":{"rendered":"<p>Turkish media reports rising Aegean tensions after a Turkish fishing vessel allegedly faced Greek Coast Guard harassment in disputed waters, with video showing verbal confrontations.<\/p>\n","protected":false},"author":39,"featured_media":3710,"comment_status":"open","ping_status":"open","sticky":false,"template":"","format":"standard","meta":{"footnotes":""},"categories":[122],"tags":[818,3742,3880,100,4024,3879,95],"nfg_topic":[134],"class_list":["post-3711","post","type-post","status-publish","format-standard","has-post-thumbnail","hentry","category-news","tag-aegean-sea","tag-coast-guard","tag-fishing-vessel","tag-greece","tag-greece-conservative-parties","tag-maritime-dispute","tag-turkey","nfg_topic-europe"],"_links":{"self":[{"href":"https:\/\/newsfire.gr\/en\/wp-json\/wp\/v2\/posts\/3711","targetHints":{"allow":["GET"]}}],"collection":[{"href":"https:\/\/newsfire.gr\/en\/wp-json\/wp\/v2\/posts"}],"about":[{"href":"https:\/\/newsfire.gr\/en\/wp-json\/wp\/v2\/types\/post"}],"author":[{"embeddable":true,"href":"https:\/\/newsfire.gr\/en\/wp-json\/wp\/v2\/users\/39"}],"replies":[{"embeddable":true,"href":"https:\/\/newsfire.gr\/en\/wp-json\/wp\/v2\/comments?post=3711"}],"version-history":[{"count":4,"href":"https:\/\/newsfire.gr\/en\/wp-json\/wp\/v2\/posts\/3711\/revisions"}],"predecessor-version":[{"id":3714,"href":"https:\/\/newsfire.gr\/en\/wp-json\/wp\/v2\/posts\/3711\/revisions\/3714"}],"wp:featuredmedia":[{"embeddable":true,"href":"https:\/\/newsfire.gr\/en\/wp-json\/wp\/v2\/media\/3710"}],"wp:attachment":[{"href":"https:\/\/newsfire.gr\/en\/wp-json\/wp\/v2\/media?parent=3711"}],"wp:term":[{"taxonomy":"category","embeddable":true,"href":"https:\/\/newsfire.gr\/en\/wp-json\/wp\/v2\/categories?post=3711"},{"taxonomy":"post_tag","embeddable":true,"href":"https:\/\/newsfire.gr\/en\/wp-json\/wp\/v2\/tags?post=3711"},{"taxonomy":"nfg_topic","embeddable":true,"href":"https:\/\/newsfire.gr\/en\/wp-json\/wp\/v2\/nfg_topic?post=3711"}],"curies":[{"name":"wp","href":"https:\/\/api.w.org\/{rel}","templated":true}]}}