{"id":3099,"date":"2026-05-25T22:04:23","date_gmt":"2026-05-25T19:04:23","guid":{"rendered":"https:\/\/newsfire.gr\/en\/germans-now-called-non-migrants-on-state-tv\/"},"modified":"2026-05-25T22:04:23","modified_gmt":"2026-05-25T19:04:23","slug":"germans-now-called-non-migrants-on-state-tv","status":"publish","type":"post","link":"https:\/\/newsfire.gr\/en\/germans-now-called-non-migrants-on-state-tv\/","title":{"rendered":"Germans Now Called &#8220;Non-Migrants&#8221; on State TV"},"content":{"rendered":"<p>The Tagesschau news program aired a report on Saturday covering nationwide community engagement events organized to mark the anniversary of Germany&#8217;s Basic Law, according to Nius. The segment profiled 82-year-old <strong>Heide Simm<\/strong> from Potsdam, a member of the left-wing activist group &#8220;Omas gegen Rechts&#8221; (Grannies Against the Right).<\/p>\n<blockquote class=\"twitter-tweet\" data-media-max-width=\"560\">\n<p lang=\"de\" dir=\"ltr\">Die Tagesschau mit einer kompletten Staatsfunk-Psychose zum Jubil\u00e4um des Grundgesetzes. Es wird exakt das berichtet, was der Bundespr\u00e4sident Steinmeier h\u00f6ren will. Plastik wird eingesammelt, Migranten und &#8220;Nicht-Migranten&#8221; (so hei\u00dfen jetzt wohl Deutsche) treffen sich zum\u2026 <a href=\"https:\/\/t.co\/unIq8Ntyg0\">pic.twitter.com\/unIq8Ntyg0<\/a><\/p>\n<p>\u2014 Benedikt Brechtken (@ben_brechtken) <a href=\"https:\/\/twitter.com\/ben_brechtken\/status\/2058262039961739709?ref_src=twsrc%5Etfw\" target=\"_blank\" rel=\"noopener\">May 23, 2026<\/a><\/p><\/blockquote>\n<p>In her narration, the Tagesschau presenter explained that the &#8220;participation day&#8221; in Potsdam meant that <em>&#8220;migrants and non-migrants are in dialogue&#8221;<\/em> with one another. The term &#8220;non-migrants&#8221; was used to describe ethnic Germans engaging with migrant populations.<\/p>\n<p>The report noted that volunteers also offer German language courses, with Simm occasionally helping out when not working at a fair-trade shop. The segment then featured remarks from German President <strong>Frank-Walter Steinmeier<\/strong>, who praised volunteer work as the backbone of German democracy.<\/p>\n<p>Steinmeier told viewers that volunteerism must remain central to the country&#8217;s democratic fabric, suggesting that Germans could give their constitution no better birthday present than working together for their country.<\/p>\n<p>The linguistic choice to categorize native Germans as &#8220;non-migrants&#8221; rather than simply Germans has drawn criticism from commentators who view it as part of a broader pattern in German public broadcasting. Critics argue the framing reflects an ideological approach that places migration status at the center of identity rather than citizenship or national belonging.<\/p>\n<p>The Tagesschau segment appeared designed to align with the federal president&#8217;s messaging about civic engagement and social cohesion, focusing exclusively on approved volunteer activities such as trash collection and migrant integration efforts.<\/p>\n<p>ARD, Germany&#8217;s flagship public broadcaster, is funded through mandatory household fees and has faced mounting accusations of political bias in recent years, particularly from conservative and center-right critics who argue the network&#8217;s coverage consistently favors progressive causes and government narratives.<\/p>\n<p style=\"text-align:right\"><em>With information from <a href=\"https:\/\/nius.de\" target=\"_blank\" rel=\"noopener\">Nius<\/a><\/em><\/p>\n","protected":false},"excerpt":{"rendered":"<p>Germany&#8217;s public broadcaster ARD sparked controversy by referring to native Germans as &#8220;non-migrants&#8221; in a segment celebrating the 77th anniversary of the German constitution.<\/p>\n","protected":false},"author":47,"featured_media":3098,"comment_status":"open","ping_status":"open","sticky":false,"template":"","format":"standard","meta":{"footnotes":""},"categories":[122],"tags":[2962,2918,25,2966,2964,2965,2963],"nfg_topic":[137],"class_list":["post-3099","post","type-post","status-publish","format-standard","has-post-thumbnail","hentry","category-news","tag-ard-broadcaster","tag-german-basic-law","tag-germany","tag-immigration-language","tag-non-migrants-terminology","tag-potsdam","tag-tagesschau","nfg_topic-culture-wars"],"_links":{"self":[{"href":"https:\/\/newsfire.gr\/en\/wp-json\/wp\/v2\/posts\/3099","targetHints":{"allow":["GET"]}}],"collection":[{"href":"https:\/\/newsfire.gr\/en\/wp-json\/wp\/v2\/posts"}],"about":[{"href":"https:\/\/newsfire.gr\/en\/wp-json\/wp\/v2\/types\/post"}],"author":[{"embeddable":true,"href":"https:\/\/newsfire.gr\/en\/wp-json\/wp\/v2\/users\/47"}],"replies":[{"embeddable":true,"href":"https:\/\/newsfire.gr\/en\/wp-json\/wp\/v2\/comments?post=3099"}],"version-history":[{"count":0,"href":"https:\/\/newsfire.gr\/en\/wp-json\/wp\/v2\/posts\/3099\/revisions"}],"wp:featuredmedia":[{"embeddable":true,"href":"https:\/\/newsfire.gr\/en\/wp-json\/wp\/v2\/media\/3098"}],"wp:attachment":[{"href":"https:\/\/newsfire.gr\/en\/wp-json\/wp\/v2\/media?parent=3099"}],"wp:term":[{"taxonomy":"category","embeddable":true,"href":"https:\/\/newsfire.gr\/en\/wp-json\/wp\/v2\/categories?post=3099"},{"taxonomy":"post_tag","embeddable":true,"href":"https:\/\/newsfire.gr\/en\/wp-json\/wp\/v2\/tags?post=3099"},{"taxonomy":"nfg_topic","embeddable":true,"href":"https:\/\/newsfire.gr\/en\/wp-json\/wp\/v2\/nfg_topic?post=3099"}],"curies":[{"name":"wp","href":"https:\/\/api.w.org\/{rel}","templated":true}]}}