{"id":2686,"date":"2026-05-23T23:11:28","date_gmt":"2026-05-23T20:11:28","guid":{"rendered":"https:\/\/newsfire.gr\/en\/massive-madrid-protests-demand-sanchez-resignation\/"},"modified":"2026-05-23T23:11:28","modified_gmt":"2026-05-23T20:11:28","slug":"massive-madrid-protests-demand-sanchez-resignation","status":"publish","type":"post","link":"https:\/\/newsfire.gr\/en\/massive-madrid-protests-demand-sanchez-resignation\/","title":{"rendered":"Massive Madrid Protests Demand Sanchez Resignation"},"content":{"rendered":"<p>The massive demonstration, organized under the rallying cry &#8220;S\u00e1nchez, resign now!&#8221;, saw protesters march from Plaza de Col\u00f3n to the Victory Arch in Spain&#8217;s capital. While government officials estimated attendance at around 40,000, organizers claimed the crowd exceeded 120,000 participants, according to public broadcaster RTVS.<\/p>\n<p>The protest erupted following the indictment this week of <strong>Jos\u00e9 Luis Rodr\u00edguez Zapatero<\/strong>, S\u00e1nchez&#8217;s predecessor as prime minister, on charges of influence peddling and money laundering connected to Venezuela. Zapatero allegedly received \u20ac1.95 million for himself and associates through the scheme, which centered on a \u20ac53 million government bailout of Plus Ultra airline following the coronavirus pandemic.<\/p>\n<p>Zapatero&#8217;s long-standing relationships with Venezuelan socialist leaders Hugo Ch\u00e1vez and Nicol\u00e1s Maduro have drawn sustained criticism from Spanish opposition figures. The former prime minister&#8217;s indictment represents the latest in a series of corruption scandals striking the Socialist Workers&#8217; Party leadership, following charges against S\u00e1nchez&#8217;s wife, <strong>Bego\u00f1a G\u00f3mez<\/strong>, who faces allegations of influence peddling and embezzlement tied to her position as first lady.<\/p>\n<h2>Opposition Demands Accountability<\/h2>\n<p><strong>Santiago Abascal<\/strong>, leader of the right-wing populist VOX party, addressed the Madrid gathering, calling for Zapatero&#8217;s imprisonment pending trial and demanding that S\u00e1nchez provide testimony. <em>&#8220;There is no one left in Pedro S\u00e1nchez&#8217;s entourage who is not accused of very serious crimes,&#8221;<\/em> Abascal declared, describing Spain as <em>&#8220;kidnapped by a corrupt mafia that is impoverishing the Spanish people.&#8221;<\/em><\/p>\n<p>Members of the centre-right People&#8217;s Party (PP) also participated in Saturday&#8217;s demonstration. <strong>Alicia Garc\u00eda<\/strong>, the party&#8217;s Senate spokeswoman, joined thousands of Spaniards in calling for fresh elections. She condemned what she termed the systematic corruption of &#8220;Sanchismo,&#8221; stating that while Spanish citizens endured pandemic hardships, S\u00e1nchez&#8217;s Socialist party was accumulating wealth improperly.<\/p>\n<p><strong>Alberto N\u00fa\u00f1ez Feij\u00f3o<\/strong>, the PP&#8217;s party leader, addressed party members gathering separately in Mallorca on Saturday. He contended that Zapatero could not have engaged in corrupt dealings without explicit backing from S\u00e1nchez&#8217;s government and the Council of Ministers, effectively implicating the prime minister in the scheme&#8217;s framework.<\/p>\n<p>Feij\u00f3o questioned whether any Socialist Party members retained conscience regarding the administration&#8217;s conduct, characterizing the governing party&#8217;s corruption as <em>&#8220;worse than the mafia,&#8221;<\/em> given its pervasive reach into family networks and state institutions.<\/p>\n<h2>Tensions at Demonstration Site<\/h2>\n<p>The Saturday protest resulted in three arrests and injuries to seven police officers, as demonstrators attempted to reach the Palacio de la Moncloa, Spain&#8217;s seat of government, before being dispersed by law enforcement.<\/p>\n<p>Political observers note that S\u00e1nchez has increasingly sought to redirect international attention from domestic scandals, recently restricting American military operations from Spanish bases during regional tensions with Iran\u2014a posture framing him as opposition to U.S. President Donald Trump on the global stage.<\/p>\n<p style=\"text-align:right\"><em>With information from <a href=\"https:\/\/breitbart.com\" target=\"_blank\" rel=\"noopener\">Breitbart News<\/a><\/em><\/p>\n","protected":false},"excerpt":{"rendered":"<p>Tens of thousands of Spaniards protested in Madrid on Saturday demanding Prime Minister Pedro S\u00e1nchez&#8217;s resignation amid corruption allegations involving his Socialist government and predecessor Jos\u00e9 Luis Rodr\u00edguez Zapatero.<\/p>\n","protected":false},"author":39,"featured_media":2685,"comment_status":"open","ping_status":"open","sticky":false,"template":"","format":"standard","meta":{"footnotes":""},"categories":[122],"tags":[2472,2563,2562,2381,2564,630,2565],"nfg_topic":[134],"class_list":["post-2686","post","type-post","status-publish","format-standard","has-post-thumbnail","hentry","category-news","tag-corruption-allegations","tag-jose-luis-rodriguez-zapatero-indictment","tag-madrid-protests","tag-pedro-sanchez-resignation","tag-plus-ultra-airline-scandal","tag-spain","tag-venezuela-connections","nfg_topic-europe"],"_links":{"self":[{"href":"https:\/\/newsfire.gr\/en\/wp-json\/wp\/v2\/posts\/2686","targetHints":{"allow":["GET"]}}],"collection":[{"href":"https:\/\/newsfire.gr\/en\/wp-json\/wp\/v2\/posts"}],"about":[{"href":"https:\/\/newsfire.gr\/en\/wp-json\/wp\/v2\/types\/post"}],"author":[{"embeddable":true,"href":"https:\/\/newsfire.gr\/en\/wp-json\/wp\/v2\/users\/39"}],"replies":[{"embeddable":true,"href":"https:\/\/newsfire.gr\/en\/wp-json\/wp\/v2\/comments?post=2686"}],"version-history":[{"count":0,"href":"https:\/\/newsfire.gr\/en\/wp-json\/wp\/v2\/posts\/2686\/revisions"}],"wp:featuredmedia":[{"embeddable":true,"href":"https:\/\/newsfire.gr\/en\/wp-json\/wp\/v2\/media\/2685"}],"wp:attachment":[{"href":"https:\/\/newsfire.gr\/en\/wp-json\/wp\/v2\/media?parent=2686"}],"wp:term":[{"taxonomy":"category","embeddable":true,"href":"https:\/\/newsfire.gr\/en\/wp-json\/wp\/v2\/categories?post=2686"},{"taxonomy":"post_tag","embeddable":true,"href":"https:\/\/newsfire.gr\/en\/wp-json\/wp\/v2\/tags?post=2686"},{"taxonomy":"nfg_topic","embeddable":true,"href":"https:\/\/newsfire.gr\/en\/wp-json\/wp\/v2\/nfg_topic?post=2686"}],"curies":[{"name":"wp","href":"https:\/\/api.w.org\/{rel}","templated":true}]}}