{"id":15933,"date":"2026-08-24T15:13:52","date_gmt":"2026-08-24T12:13:52","guid":{"rendered":"https:\/\/newsfire.gr\/en\/?p=15933"},"modified":"2026-08-24T15:13:52","modified_gmt":"2026-08-24T12:13:52","slug":"hungarian-gripen-fighter-jet-crashes-pilot-ejects-safely","status":"publish","type":"post","link":"https:\/\/newsfire.gr\/en\/hungarian-gripen-fighter-jet-crashes-pilot-ejects-safely\/","title":{"rendered":"Hungarian Gripen Fighter Jet Crashes, Pilot Ejects Safely"},"content":{"rendered":"<p>Prime Minister <strong>P\u00e9ter Magyar<\/strong> confirmed the crash on Facebook on the morning of August 24, stating that the cause remained under investigation. Magyar said the defence minister was en route to the crash site and that preliminary reports indicated no injuries and no damage to civilian infrastructure.<\/p>\n<p>Defence Minister <strong>Romulusz Ruszin-Szendi<\/strong> said in a video statement posted on social media that the pilot was being transported by ambulance but had sustained no injuries. The minister praised the pilot&#8217;s efforts to ensure the aircraft came down on military property rather than civilian areas.<\/p>\n<p>Ruszin-Szendi confirmed he was heading to the scene alongside the chief of the general staff and pledged to provide further details from the crash site. Hungarian media outlets published footage showing the wreckage engulfed in flames on open ground.<\/p>\n<h2>Swedish Manufacturer Confirms Involvement<\/h2>\n<p>Swedish defence manufacturer <strong>Saab<\/strong> acknowledged it had been informed that one of its aircraft was involved in the incident but said it had no additional information and directed all inquiries to Hungarian authorities. The cause of the accident has not been determined.<\/p>\n<p>Szolnok, located southeast of Budapest, hosts a Hungarian Defence Forces helicopter base. The Gripen fleet is normally stationed at Kecskem\u00e9t, also in central Hungary.<\/p>\n<h2>Two Decades of Gripen Operations<\/h2>\n<p>Hungary has operated the Swedish-built JAS 39 Gripen for twenty years under a lease agreement with Saab. The aircraft are scheduled to transfer to full Hungarian ownership this year. Budapest ordered four additional single-seat JAS 39C jets under a contract extension agreed in 2024, with the first two delivered in April.<\/p>\n<p>The crash marks the first loss of a Hungarian Gripen in more than ten years. It occurs as Magyar&#8217;s government, which took office in May, has elevated defence cooperation on the agenda, including during his first major bilateral discussions with Italian Prime Minister <strong>Giorgia Meloni<\/strong> in Rome.<\/p>\n<h2>Previous Incidents and NATO Duties<\/h2>\n<p>Hungary lost two Gripen jets in 2015, one during a multinational exercise at \u010c\u00e1slav in the Czech Republic in May and another at Kecskem\u00e9t the following month. Both pilots survived those incidents, and the fleet was temporarily grounded for review, as <em>Brussels Signal<\/em> reports.<\/p>\n<p>The Hungarian Gripen fleet performs NATO air policing missions, including rotations covering the airspace of the Baltic states. Hungarian authorities have not indicated whether the remaining jets will be grounded pending the outcome of the current investigation.<\/p>\n<p style=\"text-align:right\"><em>With information from <a href=\"https:\/\/brusselssignal.eu\" target=\"_blank\" rel=\"noopener\">Brussels Signal<\/a><\/em><\/p>\n","protected":false},"excerpt":{"rendered":"<p>A Hungarian Air Force JAS 39 Gripen fighter jet crashed near Szolnok with the pilot ejecting safely, marking the first loss of a Hungarian Gripen in over a decade.<\/p>\n","protected":false},"author":39,"featured_media":15932,"comment_status":"open","ping_status":"open","sticky":false,"template":"","format":"standard","meta":{"footnotes":""},"categories":[122],"tags":[12232,12233,886,12230,884,12231,12229],"nfg_topic":[134],"class_list":["post-15933","post","type-post","status-publish","format-standard","has-post-thumbnail","hentry","category-news","tag-aircraft-crash","tag-hungarian-air-force","tag-hungary","tag-jas-39-gripen","tag-peter-magyar","tag-romulusz-ruszin-szendi","tag-szolnok","nfg_topic-europe"],"_links":{"self":[{"href":"https:\/\/newsfire.gr\/en\/wp-json\/wp\/v2\/posts\/15933","targetHints":{"allow":["GET"]}}],"collection":[{"href":"https:\/\/newsfire.gr\/en\/wp-json\/wp\/v2\/posts"}],"about":[{"href":"https:\/\/newsfire.gr\/en\/wp-json\/wp\/v2\/types\/post"}],"author":[{"embeddable":true,"href":"https:\/\/newsfire.gr\/en\/wp-json\/wp\/v2\/users\/39"}],"replies":[{"embeddable":true,"href":"https:\/\/newsfire.gr\/en\/wp-json\/wp\/v2\/comments?post=15933"}],"version-history":[{"count":1,"href":"https:\/\/newsfire.gr\/en\/wp-json\/wp\/v2\/posts\/15933\/revisions"}],"predecessor-version":[{"id":15941,"href":"https:\/\/newsfire.gr\/en\/wp-json\/wp\/v2\/posts\/15933\/revisions\/15941"}],"wp:featuredmedia":[{"embeddable":true,"href":"https:\/\/newsfire.gr\/en\/wp-json\/wp\/v2\/media\/15932"}],"wp:attachment":[{"href":"https:\/\/newsfire.gr\/en\/wp-json\/wp\/v2\/media?parent=15933"}],"wp:term":[{"taxonomy":"category","embeddable":true,"href":"https:\/\/newsfire.gr\/en\/wp-json\/wp\/v2\/categories?post=15933"},{"taxonomy":"post_tag","embeddable":true,"href":"https:\/\/newsfire.gr\/en\/wp-json\/wp\/v2\/tags?post=15933"},{"taxonomy":"nfg_topic","embeddable":true,"href":"https:\/\/newsfire.gr\/en\/wp-json\/wp\/v2\/nfg_topic?post=15933"}],"curies":[{"name":"wp","href":"https:\/\/api.w.org\/{rel}","templated":true}]}}