{"id":15741,"date":"2026-08-22T16:04:10","date_gmt":"2026-08-22T13:04:10","guid":{"rendered":"https:\/\/newsfire.gr\/en\/?p=15741"},"modified":"2026-08-22T16:04:10","modified_gmt":"2026-08-22T13:04:10","slug":"france-inter-gives-controversial-comedian-benlazar-new-show","status":"publish","type":"post","link":"https:\/\/newsfire.gr\/en\/france-inter-gives-controversial-comedian-benlazar-new-show\/","title":{"rendered":"France Inter Gives Controversial Comedian Benlazar New Show"},"content":{"rendered":"<p>Starting August 30th, <strong>Benlazar<\/strong> will take charge of the programme alongside <strong>Mehdi Ma\u00efzi<\/strong>, who already hosts the evening show &#8220;\u00c0 la r\u00e9guli\u00e8re&#8221; on the state-funded radio station. The new Sunday slot, titled &#8220;Chez la belle-famille&#8221; (At the In-Laws), will air at 5 p.m., immediately before the two-hour news segment presented by <strong>Ali Baddou<\/strong>.<\/p>\n<h2>Roast Format Imported from Anglo-Saxon World<\/h2>\n<p>The programme will adopt the &#8220;roast&#8221; format, a style imported from the English-speaking world in which celebrity guests willingly subject themselves to sharp, mocking humour. Invited personalities will be divided into two teams and engage in comedic battles featuring banter, provocations, and self-deprecation.<\/p>\n<p>France Inter has stated it intends to adopt contemporary entertainment codes and appeal to younger demographics who favour stand-up comedy and digital platform formats popularised in recent years.<\/p>\n<h2>Promotion Follows Media Firestorm<\/h2>\n<p>The appointment represents a notable career advancement for Benlazar within France&#8217;s public broadcasting system. He already contributes to &#8220;Zoom Zoom Zen&#8221;, the show hosted by <strong>Matthieu No\u00ebl<\/strong>. <strong>C\u00e9line Pigalle<\/strong>, director of France Inter, has described him as one of the finest comedians of his generation.<\/p>\n<p>However, the promotion arrives just 18 months after a significant controversy surrounding his appearance on &#8220;C \u00e0 vous&#8221; on France 5. His January 31st, 2025 segment triggered a media storm, initially focused on criticism of his physical appearance before expanding to include old social media posts he had written.<\/p>\n<p>The matter reached the Senate, where then-Culture Minister <strong>Rachida Dati<\/strong> condemned certain remarks as scandalous and declared the comedian would no longer appear on screen. France T\u00e9l\u00e9visions clarified at the time that his participation had only ever been scheduled for a single episode.<\/p>\n<p>Benlazar responded by denouncing what he characterised as a racist campaign against him. He insisted his past social media messages were humorous in nature and had been taken out of context.<\/p>\n<h2>State Broadcaster Stands By Controversial Hire<\/h2>\n<p>Despite the backlash, France Inter maintained Benlazar&#8217;s presence on air. The controversy has evidently done nothing to hinder his career trajectory at the public radio station, which is now entrusting him with an entire weekly programme of his own.<\/p>\n<p>The decision underscores France Inter&#8217;s commitment to format renewal and demographic expansion, even when hiring choices court political and public criticism. The broadcaster appears willing to prioritise its pursuit of younger listeners over concerns about past controversies involving on-air talent.<\/p>\n<p style=\"text-align:right\"><em>With information from <a href=\"https:\/\/valeursactuelles.com\" target=\"_blank\" rel=\"noopener\">Valeurs Actuelles<\/a><\/em><\/p>\n","protected":false},"excerpt":{"rendered":"<p>France Inter has appointed comedian Merwane Benlazar to host a new weekly roast-format show despite controversy that led to his temporary ban from French public television 18 months ago.<\/p>\n","protected":false},"author":47,"featured_media":15740,"comment_status":"open","ping_status":"open","sticky":false,"template":"","format":"standard","meta":{"footnotes":""},"categories":[122],"tags":[12120,12121,55,12117,12119,12118,3573],"nfg_topic":[137],"class_list":["post-15741","post","type-post","status-publish","format-standard","has-post-thumbnail","hentry","category-news","tag-ali-baddou","tag-comedy-show","tag-france","tag-france-inter","tag-mehdi-maizi","tag-merwane-benlazar","tag-public-broadcasting","nfg_topic-culture-wars"],"_links":{"self":[{"href":"https:\/\/newsfire.gr\/en\/wp-json\/wp\/v2\/posts\/15741","targetHints":{"allow":["GET"]}}],"collection":[{"href":"https:\/\/newsfire.gr\/en\/wp-json\/wp\/v2\/posts"}],"about":[{"href":"https:\/\/newsfire.gr\/en\/wp-json\/wp\/v2\/types\/post"}],"author":[{"embeddable":true,"href":"https:\/\/newsfire.gr\/en\/wp-json\/wp\/v2\/users\/47"}],"replies":[{"embeddable":true,"href":"https:\/\/newsfire.gr\/en\/wp-json\/wp\/v2\/comments?post=15741"}],"version-history":[{"count":1,"href":"https:\/\/newsfire.gr\/en\/wp-json\/wp\/v2\/posts\/15741\/revisions"}],"predecessor-version":[{"id":15748,"href":"https:\/\/newsfire.gr\/en\/wp-json\/wp\/v2\/posts\/15741\/revisions\/15748"}],"wp:featuredmedia":[{"embeddable":true,"href":"https:\/\/newsfire.gr\/en\/wp-json\/wp\/v2\/media\/15740"}],"wp:attachment":[{"href":"https:\/\/newsfire.gr\/en\/wp-json\/wp\/v2\/media?parent=15741"}],"wp:term":[{"taxonomy":"category","embeddable":true,"href":"https:\/\/newsfire.gr\/en\/wp-json\/wp\/v2\/categories?post=15741"},{"taxonomy":"post_tag","embeddable":true,"href":"https:\/\/newsfire.gr\/en\/wp-json\/wp\/v2\/tags?post=15741"},{"taxonomy":"nfg_topic","embeddable":true,"href":"https:\/\/newsfire.gr\/en\/wp-json\/wp\/v2\/nfg_topic?post=15741"}],"curies":[{"name":"wp","href":"https:\/\/api.w.org\/{rel}","templated":true}]}}