{"id":12799,"date":"2026-07-31T08:30:07","date_gmt":"2026-07-31T05:30:07","guid":{"rendered":"https:\/\/newsfire.gr\/en\/spain-sends-troops-to-ceuta-as-border-collapses-9-dead\/"},"modified":"2026-07-31T08:30:07","modified_gmt":"2026-07-31T05:30:07","slug":"spain-sends-troops-to-ceuta-as-border-collapses-9-dead","status":"publish","type":"post","link":"https:\/\/newsfire.gr\/en\/spain-sends-troops-to-ceuta-as-border-collapses-9-dead\/","title":{"rendered":"Spain Sends Troops to Ceuta as Border Collapses, 9 Dead"},"content":{"rendered":"<p>The Spanish government announced late Thursday that 60 soldiers and 200 specialized police units would be dispatched to the North African territory to support overwhelmed local security forces, according to <em>Nius<\/em>.<\/p>\n<figure class=\"wp-block-image size-large\"><img loading=\"lazy\" decoding=\"async\" width=\"912\" height=\"724\" src=\"https:\/\/newsfire.gr\/en\/wp-content\/uploads\/2026\/07\/whatsapp-image-2026-07-31-at-06.18.49.jpeg\" alt=\"\" class=\"wp-image-12791\" srcset=\"https:\/\/newsfire.gr\/en\/wp-content\/uploads\/2026\/07\/whatsapp-image-2026-07-31-at-06.18.49.jpeg 912w, https:\/\/newsfire.gr\/en\/wp-content\/uploads\/2026\/07\/whatsapp-image-2026-07-31-at-06.18.49-300x238.jpeg 300w, https:\/\/newsfire.gr\/en\/wp-content\/uploads\/2026\/07\/whatsapp-image-2026-07-31-at-06.18.49-768x610.jpeg 768w\" sizes=\"auto, (max-width: 912px) 100vw, 912px\" \/><figcaption class=\"wp-element-caption\">Photo: nius.de<\/figcaption><\/figure>\n<p>Prime Minister <strong>Pedro S\u00e1nchez<\/strong> is scheduled to visit Ceuta on Friday alongside Interior Minister <strong>Fernando Grande-Marlaska<\/strong> for meetings with security officials and local administrators. S\u00e1nchez stated on X that the Spanish government is fully committed to providing an immediate response to the situation.<\/p>\n<h2>City Administration Declares Crisis<\/h2>\n<p>Ceuta&#8217;s regional leader <strong>Juan Jes\u00fas Vivas<\/strong> had already called for military deployment and the declaration of a state of emergency before the central government acted. The city administration described the situation as extremely serious, demanding additional resources, a national emergency declaration, and faster transfers of migrants to the Spanish mainland.<\/p>\n<figure class=\"wp-block-image size-large\"><img loading=\"lazy\" decoding=\"async\" width=\"2560\" height=\"1707\" src=\"https:\/\/newsfire.gr\/en\/wp-content\/uploads\/2026\/07\/610491218-scaled.jpg\" alt=\"Migranten nach ihrer Ankunft, die Situation ist ein einziges Chaos\" class=\"wp-image-12792\" srcset=\"https:\/\/newsfire.gr\/en\/wp-content\/uploads\/2026\/07\/610491218-scaled.jpg 2560w, https:\/\/newsfire.gr\/en\/wp-content\/uploads\/2026\/07\/610491218-300x200.jpg 300w, https:\/\/newsfire.gr\/en\/wp-content\/uploads\/2026\/07\/610491218-1024x683.jpg 1024w, https:\/\/newsfire.gr\/en\/wp-content\/uploads\/2026\/07\/610491218-768x512.jpg 768w, https:\/\/newsfire.gr\/en\/wp-content\/uploads\/2026\/07\/610491218-1536x1024.jpg 1536w, https:\/\/newsfire.gr\/en\/wp-content\/uploads\/2026\/07\/610491218-2048x1365.jpg 2048w\" sizes=\"auto, (max-width: 2560px) 100vw, 2560px\" \/><figcaption class=\"wp-element-caption\">Photo: nius.de<\/figcaption><\/figure>\n<p><strong>Rachid Sbihi<\/strong>, chairman of the Guardia Civil union, described chaotic conditions in Ceuta on Thursday, as <em>Nius<\/em> reports. He assessed that the border has practically collapsed. Exact figures remain difficult to establish, but thousands of migrants have crossed the border, he said. Spanish authorities confirmed at least nine migrants died during the surge.<\/p>\n<figure class=\"wp-block-image size-large\"><img loading=\"lazy\" decoding=\"async\" width=\"2560\" height=\"1707\" src=\"https:\/\/newsfire.gr\/en\/wp-content\/uploads\/2026\/07\/610473632-scaled.jpg\" alt=\"Unter den Menschen, die das Festland erreichen befinden sich viele Jugendliche.\" class=\"wp-image-12793\" srcset=\"https:\/\/newsfire.gr\/en\/wp-content\/uploads\/2026\/07\/610473632-scaled.jpg 2560w, https:\/\/newsfire.gr\/en\/wp-content\/uploads\/2026\/07\/610473632-300x200.jpg 300w, https:\/\/newsfire.gr\/en\/wp-content\/uploads\/2026\/07\/610473632-1024x683.jpg 1024w, https:\/\/newsfire.gr\/en\/wp-content\/uploads\/2026\/07\/610473632-768x512.jpg 768w, https:\/\/newsfire.gr\/en\/wp-content\/uploads\/2026\/07\/610473632-1536x1024.jpg 1536w, https:\/\/newsfire.gr\/en\/wp-content\/uploads\/2026\/07\/610473632-2048x1365.jpg 2048w\" sizes=\"auto, (max-width: 2560px) 100vw, 2560px\" \/><figcaption class=\"wp-element-caption\">Photo: nius.de<\/figcaption><\/figure>\n<h2>Migrants Storm Barriers as Moroccan Forces Withdraw<\/h2>\n<p>Migrants succeeded in breaching security installations in front of Ceuta on Thursday, with the Spanish news agency EFE reporting that border facilities were unguarded by police at the time. Hundreds of young people were among those crossing. Video footage reportedly shows some shouting &#8220;Long live Spain&#8221; as they entered Spanish sovereign territory.<\/p>\n<figure class=\"wp-block-image size-large\"><img loading=\"lazy\" decoding=\"async\" width=\"2560\" height=\"1707\" src=\"https:\/\/newsfire.gr\/en\/wp-content\/uploads\/2026\/07\/gettyimages-2288281288-1-scaled.jpg\" alt=\"Vor allem junge M\u00e4nner und Jugendliche aus Marokko und Algerien versuchen \u00fcber den Seeweg, spanisches Staatsgebiet zu erreichen.\" class=\"wp-image-12794\" srcset=\"https:\/\/newsfire.gr\/en\/wp-content\/uploads\/2026\/07\/gettyimages-2288281288-1-scaled.jpg 2560w, https:\/\/newsfire.gr\/en\/wp-content\/uploads\/2026\/07\/gettyimages-2288281288-1-300x200.jpg 300w, https:\/\/newsfire.gr\/en\/wp-content\/uploads\/2026\/07\/gettyimages-2288281288-1-1024x683.jpg 1024w, https:\/\/newsfire.gr\/en\/wp-content\/uploads\/2026\/07\/gettyimages-2288281288-1-768x512.jpg 768w, https:\/\/newsfire.gr\/en\/wp-content\/uploads\/2026\/07\/gettyimages-2288281288-1-1536x1024.jpg 1536w, https:\/\/newsfire.gr\/en\/wp-content\/uploads\/2026\/07\/gettyimages-2288281288-1-2048x1365.jpg 2048w\" sizes=\"auto, (max-width: 2560px) 100vw, 2560px\" \/><figcaption class=\"wp-element-caption\">Photo: nius.de<\/figcaption><\/figure>\n<p>Young men and teenagers from Morocco and Algeria comprise the majority of those attempting to reach Spanish territory via the sea route. According to EFE, Moroccan security forces withdrew from the border installation when migrants arrived. Moroccan migrant rights activist <strong>Achraf Maimouni<\/strong> told the Associated Press that the border at Tarajal was opened under unusual circumstances. Moroccan authorities have not issued any statement regarding the incidents.<\/p>\n<h2>Court Ruling Prevents Immediate Deportations<\/h2>\n<figure class=\"wp-block-image size-large\"><img loading=\"lazy\" decoding=\"async\" width=\"2560\" height=\"1920\" src=\"https:\/\/newsfire.gr\/en\/wp-content\/uploads\/2026\/07\/gettyimages-2288282441-1-scaled.jpg\" alt=\"Migranten \u00fcberwinden Absperrungen in der spanischen Exklave.\" class=\"wp-image-12795\" srcset=\"https:\/\/newsfire.gr\/en\/wp-content\/uploads\/2026\/07\/gettyimages-2288282441-1-scaled.jpg 2560w, https:\/\/newsfire.gr\/en\/wp-content\/uploads\/2026\/07\/gettyimages-2288282441-1-300x225.jpg 300w, https:\/\/newsfire.gr\/en\/wp-content\/uploads\/2026\/07\/gettyimages-2288282441-1-1024x768.jpg 1024w, https:\/\/newsfire.gr\/en\/wp-content\/uploads\/2026\/07\/gettyimages-2288282441-1-768x576.jpg 768w, https:\/\/newsfire.gr\/en\/wp-content\/uploads\/2026\/07\/gettyimages-2288282441-1-1536x1152.jpg 1536w, https:\/\/newsfire.gr\/en\/wp-content\/uploads\/2026\/07\/gettyimages-2288282441-1-2048x1536.jpg 2048w\" sizes=\"auto, (max-width: 2560px) 100vw, 2560px\" \/><figcaption class=\"wp-element-caption\">Photo: nius.de<\/figcaption><\/figure>\n<p>While illegal migration attempts through Ceuta are not new, the current surge far exceeds normal levels. Local authorities speak of an acute crisis, comparing the intensity to the exceptional event of May 2021 when over 10,000 people reached Ceuta within days. Local newspapers suggest the current crisis has surpassed that episode. The Spanish newspaper El Faro de Ceuta now speaks of an &#8220;invasion.&#8221;<\/p>\n<p>A recent ruling by Spain&#8217;s Supreme Court on July 8, 2026 appears to have encouraged the current rush. The decision significantly improved migrants&#8217; chances of acceptance by prohibiting immediate deportations of persons arriving by swimming. Such individuals now have the right to a proper administrative procedure, distinguishing them from those who climb the land fences.<\/p>\n<h2>Ceuta&#8217;s Strategic Challenge<\/h2>\n<p>Ceuta borders Morocco directly and is heavily secured with high double fences, surveillance technology, and patrols. The massive barrier system separating the European Union from Moroccan territory now extends into the sea and is equipped with state-of-the-art surveillance technology.<\/p>\n<figure class=\"wp-block-image size-large\"><img loading=\"lazy\" decoding=\"async\" width=\"2560\" height=\"1707\" src=\"https:\/\/newsfire.gr\/en\/wp-content\/uploads\/2026\/07\/gettyimages-2288281291-1-scaled.jpg\" alt=\"Wer gerettet wird oder die K\u00fcste erreicht, wird von der Guardia Civil oder der Polizei \u00fcbernommen. Erwachsene kommen in der Regel in das CETI, ein tempor\u00e4res Aufnahmezentrum. Dort erfolgen Identit\u00e4tsfeststellung, medizinische Untersuchung und die Pr\u00fcfung m\u00f6glicher Asylantr\u00e4ge oder R\u00fcckf\u00fchrungsverfahren.\" class=\"wp-image-12796\" srcset=\"https:\/\/newsfire.gr\/en\/wp-content\/uploads\/2026\/07\/gettyimages-2288281291-1-scaled.jpg 2560w, https:\/\/newsfire.gr\/en\/wp-content\/uploads\/2026\/07\/gettyimages-2288281291-1-300x200.jpg 300w, https:\/\/newsfire.gr\/en\/wp-content\/uploads\/2026\/07\/gettyimages-2288281291-1-1024x683.jpg 1024w, https:\/\/newsfire.gr\/en\/wp-content\/uploads\/2026\/07\/gettyimages-2288281291-1-768x512.jpg 768w, https:\/\/newsfire.gr\/en\/wp-content\/uploads\/2026\/07\/gettyimages-2288281291-1-1536x1024.jpg 1536w, https:\/\/newsfire.gr\/en\/wp-content\/uploads\/2026\/07\/gettyimages-2288281291-1-2048x1365.jpg 2048w\" sizes=\"auto, (max-width: 2560px) 100vw, 2560px\" \/><figcaption class=\"wp-element-caption\">Photo: nius.de<\/figcaption><\/figure>\n<p>Those rescued or reaching the coast are taken into custody by the Guardia Civil or police. Adults typically enter CETI, a temporary reception center, where they undergo identity verification, medical examination, and evaluation of possible asylum applications or deportation proceedings.<\/p>\n<figure class=\"wp-block-image size-large\"><img loading=\"lazy\" decoding=\"async\" width=\"1704\" height=\"952\" src=\"https:\/\/newsfire.gr\/en\/wp-content\/uploads\/2026\/07\/bildschirmfoto-2026-07-30-um-11.44.25-1.png\" alt=\"War bis vor wenigen Tagen vor Ort in Ceuta: NIUS-Reporter Marc Sierzputowski.\" class=\"wp-image-12797\" srcset=\"https:\/\/newsfire.gr\/en\/wp-content\/uploads\/2026\/07\/bildschirmfoto-2026-07-30-um-11.44.25-1.png 1704w, https:\/\/newsfire.gr\/en\/wp-content\/uploads\/2026\/07\/bildschirmfoto-2026-07-30-um-11.44.25-1-300x168.png 300w, https:\/\/newsfire.gr\/en\/wp-content\/uploads\/2026\/07\/bildschirmfoto-2026-07-30-um-11.44.25-1-1024x572.png 1024w, https:\/\/newsfire.gr\/en\/wp-content\/uploads\/2026\/07\/bildschirmfoto-2026-07-30-um-11.44.25-1-768x429.png 768w, https:\/\/newsfire.gr\/en\/wp-content\/uploads\/2026\/07\/bildschirmfoto-2026-07-30-um-11.44.25-1-1536x858.png 1536w\" sizes=\"auto, (max-width: 1704px) 100vw, 1704px\" \/><figcaption class=\"wp-element-caption\">Photo: nius.de<\/figcaption><\/figure>\n<p>The Spanish government has pledged that soldiers will assist the Guardia Civil in maintaining security in Ceuta. However, the combination of the new court ruling limiting immediate deportations and what appears to be deliberate facilitation by Moroccan authorities has created a dangerous precedent that threatens to attract even more illegal border crossings in the coming weeks.<\/p>\n<p style=\"text-align:right\"><em>With information from <a href=\"https:\/\/nius.de\" target=\"_blank\" rel=\"noopener\">Nius<\/a><\/em><\/p>\n","protected":false},"excerpt":{"rendered":"<p>Up to 3,000 illegal migrants swam from Morocco into Spain&#8217;s Ceuta enclave, overwhelming authorities and prompting Madrid to deploy 60 soldiers and 200 police to restore order.<\/p>\n","protected":false},"author":39,"featured_media":12798,"comment_status":"open","ping_status":"open","sticky":false,"template":"","format":"standard","meta":{"footnotes":""},"categories":[122],"tags":[6750,10514,5059,1923,1202,921,630],"nfg_topic":[134],"class_list":["post-12799","post","type-post","status-publish","format-standard","has-post-thumbnail","hentry","category-news","tag-border-crisis","tag-ceuta","tag-illegal-migration","tag-military-deployment","tag-morocco","tag-pedro-sanchez","tag-spain","nfg_topic-europe"],"_links":{"self":[{"href":"https:\/\/newsfire.gr\/en\/wp-json\/wp\/v2\/posts\/12799","targetHints":{"allow":["GET"]}}],"collection":[{"href":"https:\/\/newsfire.gr\/en\/wp-json\/wp\/v2\/posts"}],"about":[{"href":"https:\/\/newsfire.gr\/en\/wp-json\/wp\/v2\/types\/post"}],"author":[{"embeddable":true,"href":"https:\/\/newsfire.gr\/en\/wp-json\/wp\/v2\/users\/39"}],"replies":[{"embeddable":true,"href":"https:\/\/newsfire.gr\/en\/wp-json\/wp\/v2\/comments?post=12799"}],"version-history":[{"count":0,"href":"https:\/\/newsfire.gr\/en\/wp-json\/wp\/v2\/posts\/12799\/revisions"}],"wp:featuredmedia":[{"embeddable":true,"href":"https:\/\/newsfire.gr\/en\/wp-json\/wp\/v2\/media\/12798"}],"wp:attachment":[{"href":"https:\/\/newsfire.gr\/en\/wp-json\/wp\/v2\/media?parent=12799"}],"wp:term":[{"taxonomy":"category","embeddable":true,"href":"https:\/\/newsfire.gr\/en\/wp-json\/wp\/v2\/categories?post=12799"},{"taxonomy":"post_tag","embeddable":true,"href":"https:\/\/newsfire.gr\/en\/wp-json\/wp\/v2\/tags?post=12799"},{"taxonomy":"nfg_topic","embeddable":true,"href":"https:\/\/newsfire.gr\/en\/wp-json\/wp\/v2\/nfg_topic?post=12799"}],"curies":[{"name":"wp","href":"https:\/\/api.w.org\/{rel}","templated":true}]}}