{"id":12741,"date":"2026-07-30T19:07:53","date_gmt":"2026-07-30T16:07:53","guid":{"rendered":"https:\/\/newsfire.gr\/en\/?p=12741"},"modified":"2026-07-30T19:07:53","modified_gmt":"2026-07-30T16:07:53","slug":"over-1500-african-migrants-storm-spanish-enclave-ceuta-in-days","status":"publish","type":"post","link":"https:\/\/newsfire.gr\/en\/over-1500-african-migrants-storm-spanish-enclave-ceuta-in-days\/","title":{"rendered":"Over 1500 African Migrants Storm Spanish Enclave Ceuta in Days"},"content":{"rendered":"<p>According to Wolfgang Sender writing in <em>Nius<\/em>, the reception center for migrants in Ceuta has been overwhelmed by hundreds of arrivals who made the dangerous sea crossing from Moroccan shores. The Centro de Estancia Temporal de Inmigrantes (CETI) facility, designed to hold 512 people, has exhausted its capacity, leaving hundreds sleeping on the streets outside the compound.<\/p>\n<p>The city administration in Ceuta has characterized the situation as extremely serious, demanding that the central government in Madrid provide additional capacity, declare a national emergency, and expedite transfers to mainland Spain.<\/p>\n<figure class=\"wp-block-image size-large\"><img loading=\"lazy\" decoding=\"async\" width=\"2560\" height=\"1707\" src=\"https:\/\/newsfire.gr\/en\/wp-content\/uploads\/2026\/07\/gettyimages-2288281288-scaled.jpg\" alt=\"Das Durchschwimmen des Meers nach Ceuta ist lebensgef\u00e4hrlich. Trotzdem versuchen es vor allem junge M\u00e4nner und Jugendliche aus Marokko und Algerien immer wieder \u2013 besonders im Sommer, wenn die See ruhiger ist.\" class=\"wp-image-12736\" srcset=\"https:\/\/newsfire.gr\/en\/wp-content\/uploads\/2026\/07\/gettyimages-2288281288-scaled.jpg 2560w, https:\/\/newsfire.gr\/en\/wp-content\/uploads\/2026\/07\/gettyimages-2288281288-300x200.jpg 300w, https:\/\/newsfire.gr\/en\/wp-content\/uploads\/2026\/07\/gettyimages-2288281288-1024x683.jpg 1024w, https:\/\/newsfire.gr\/en\/wp-content\/uploads\/2026\/07\/gettyimages-2288281288-768x512.jpg 768w, https:\/\/newsfire.gr\/en\/wp-content\/uploads\/2026\/07\/gettyimages-2288281288-1536x1024.jpg 1536w, https:\/\/newsfire.gr\/en\/wp-content\/uploads\/2026\/07\/gettyimages-2288281288-2048x1365.jpg 2048w\" sizes=\"auto, (max-width: 2560px) 100vw, 2560px\" \/><figcaption class=\"wp-element-caption\">Photo: nius.de<\/figcaption><\/figure>\n<p>While illegal migration attempts to Ceuta are not new\u2014young men and adolescents from Morocco and Algeria regularly attempt the dangerous swim, particularly during calmer summer seas\u2014the current wave far exceeds normal patterns. Local authorities have drawn comparisons to the exceptional events of May 2021, when over 10,000 people reached Ceuta within days. Spanish newspaper &#8220;El Faro de Ceuta&#8221; has gone so far as to describe the current influx as an &#8220;invasion.&#8221;<\/p>\n<h2>Court Ruling Eliminates Swift Returns<\/h2>\n<p>A critical factor driving the surge appears to be a July 8, 2026 ruling by Spain&#8217;s Supreme Court that has fundamentally changed the legal landscape. The court determined that immediate pushbacks\u2014known as &#8220;devoluciones en caliente&#8221;\u2014are no longer permissible for persons arriving by swimming. These migrants now have the right to formal proceedings, unlike those who attempt to scale the land barriers.<\/p>\n<figure class=\"wp-block-image size-large\"><img loading=\"lazy\" decoding=\"async\" width=\"2560\" height=\"1920\" src=\"https:\/\/newsfire.gr\/en\/wp-content\/uploads\/2026\/07\/gettyimages-2288282441-scaled.jpg\" alt=\"Migranten \u00fcberwinden Absperrungen in der spanischen Exklave in einer massiven Welle.\" class=\"wp-image-12737\" srcset=\"https:\/\/newsfire.gr\/en\/wp-content\/uploads\/2026\/07\/gettyimages-2288282441-scaled.jpg 2560w, https:\/\/newsfire.gr\/en\/wp-content\/uploads\/2026\/07\/gettyimages-2288282441-300x225.jpg 300w, https:\/\/newsfire.gr\/en\/wp-content\/uploads\/2026\/07\/gettyimages-2288282441-1024x768.jpg 1024w, https:\/\/newsfire.gr\/en\/wp-content\/uploads\/2026\/07\/gettyimages-2288282441-768x576.jpg 768w, https:\/\/newsfire.gr\/en\/wp-content\/uploads\/2026\/07\/gettyimages-2288282441-1536x1152.jpg 1536w, https:\/\/newsfire.gr\/en\/wp-content\/uploads\/2026\/07\/gettyimages-2288282441-2048x1536.jpg 2048w\" sizes=\"auto, (max-width: 2560px) 100vw, 2560px\" \/><figcaption class=\"wp-element-caption\">Photo: nius.de<\/figcaption><\/figure>\n<p>The legal shift has effectively created a more attractive entry route into European Union territory, and migrants appear to be responding accordingly.<\/p>\n<h2>Geography and Security Infrastructure<\/h2>\n<p>Ceuta borders Morocco directly and is protected by high double fences, surveillance technology, and patrols. The massive barrier system separating the European Union from Moroccan territory extends into the sea and features state-of-the-art monitoring equipment. Yet migrants continue to find new pathways into Europe.<\/p>\n<p>Nearly 90 percent of illegal migrants simply swim around the fence from beaches in surrounding Moroccan communities. Once they set foot on Spanish soil, they are on EU territory. The land border with its formidable fencing proves more difficult to breach, driving many to choose the perilous sea route despite its dangers.<\/p>\n<figure class=\"wp-block-image size-large\"><img loading=\"lazy\" decoding=\"async\" width=\"2560\" height=\"1707\" src=\"https:\/\/newsfire.gr\/en\/wp-content\/uploads\/2026\/07\/gettyimages-2288281291-scaled.jpg\" alt=\"Wer gerettet wird oder die K\u00fcste erreicht, wird von der Guardia Civil oder der Polizei \u00fcbernommen. Erwachsene kommen in der Regel in das CETI, ein tempor\u00e4res Aufnahmezentrum. Dort erfolgen Identit\u00e4tsfeststellung, medizinische Untersuchung und die Pr\u00fcfung m\u00f6glicher Asylantr\u00e4ge oder R\u00fcckf\u00fchrungsverfahren.\" class=\"wp-image-12738\" srcset=\"https:\/\/newsfire.gr\/en\/wp-content\/uploads\/2026\/07\/gettyimages-2288281291-scaled.jpg 2560w, https:\/\/newsfire.gr\/en\/wp-content\/uploads\/2026\/07\/gettyimages-2288281291-300x200.jpg 300w, https:\/\/newsfire.gr\/en\/wp-content\/uploads\/2026\/07\/gettyimages-2288281291-1024x683.jpg 1024w, https:\/\/newsfire.gr\/en\/wp-content\/uploads\/2026\/07\/gettyimages-2288281291-768x512.jpg 768w, https:\/\/newsfire.gr\/en\/wp-content\/uploads\/2026\/07\/gettyimages-2288281291-1536x1024.jpg 1536w, https:\/\/newsfire.gr\/en\/wp-content\/uploads\/2026\/07\/gettyimages-2288281291-2048x1365.jpg 2048w\" sizes=\"auto, (max-width: 2560px) 100vw, 2560px\" \/><figcaption class=\"wp-element-caption\">Photo: nius.de<\/figcaption><\/figure>\n<p>For most African migrants, Ceuta itself is not the destination but rather the gateway into the European Union. Once on EU soil, migrants apply for asylum with the goal of onward travel to mainland Spain and beyond. Unaccompanied minors calculate that they will receive special protected status that complicates deportation efforts.<\/p>\n<h2>Conditions on the Ground<\/h2>\n<p><strong>Marc Sierzputowski<\/strong>, a reporter for <em>Nius<\/em> who was recently in Ceuta filming a documentary titled &#8220;Ceuta: The Gateway for Migration That Politics Won&#8217;t Stop,&#8221; reported that the reception camp was already packed with refugees living there for extended periods as of June. The overcrowding was visible even from outside the facility.<\/p>\n<figure class=\"wp-block-image size-large\"><img loading=\"lazy\" decoding=\"async\" width=\"1704\" height=\"952\" src=\"https:\/\/newsfire.gr\/en\/wp-content\/uploads\/2026\/07\/bildschirmfoto-2026-07-30-um-11.44.25.png\" alt=\"War bis vor wenigen Tagen vor Ort in Ceuta: NIUS-Reporter Marc Sierzputowski.\" class=\"wp-image-12739\" srcset=\"https:\/\/newsfire.gr\/en\/wp-content\/uploads\/2026\/07\/bildschirmfoto-2026-07-30-um-11.44.25.png 1704w, https:\/\/newsfire.gr\/en\/wp-content\/uploads\/2026\/07\/bildschirmfoto-2026-07-30-um-11.44.25-300x168.png 300w, https:\/\/newsfire.gr\/en\/wp-content\/uploads\/2026\/07\/bildschirmfoto-2026-07-30-um-11.44.25-1024x572.png 1024w, https:\/\/newsfire.gr\/en\/wp-content\/uploads\/2026\/07\/bildschirmfoto-2026-07-30-um-11.44.25-768x429.png 768w, https:\/\/newsfire.gr\/en\/wp-content\/uploads\/2026\/07\/bildschirmfoto-2026-07-30-um-11.44.25-1536x858.png 1536w\" sizes=\"auto, (max-width: 1704px) 100vw, 1704px\" \/><figcaption class=\"wp-element-caption\">Photo: nius.de<\/figcaption><\/figure>\n<p>Those who are rescued or reach shore are taken into custody by the Guardia Civil or police. Adults typically proceed to the CETI temporary reception center, where they undergo identity verification, medical examination, and processing of potential asylum claims or return procedures.<\/p>\n<p>Sierzputowski noted that during his visit the streets remained relatively quiet, with refugees mostly congregating near the camp waiting for police. The mass movements now unfolding were not yet visible during his on-site research.<\/p>\n<p>However, he was told even then that illegal migrants arrive in waves, often intensifying during summer months. Many refugees mistakenly assume the ocean water will be warm\u2014a potentially fatal miscalculation given Ceuta&#8217;s proximity to the Atlantic.<\/p>\n<p>That comparatively calm situation has now dramatically deteriorated. City President <strong>Juan Jes\u00fas Vivas<\/strong> confirmed that more than 1,500 migrants arrived in approximately ten days. On Wednesday alone, 117 people were rescued from the sea. The CETI facility, long since operating beyond capacity, can no longer cope with the influx.<\/p>\n<p style=\"text-align:right\"><em>With information from <a href=\"https:\/\/nius.de\" target=\"_blank\" rel=\"noopener\">Nius<\/a><\/em><\/p>\n","protected":false},"excerpt":{"rendered":"<p>Spain&#8217;s North African exclave of Ceuta faces an unprecedented migration crisis with over 1,500 illegal migrants arriving by sea in ten days, fueled by a court ruling banning immediate deportations.<\/p>\n","protected":false},"author":39,"featured_media":12740,"comment_status":"open","ping_status":"open","sticky":false,"template":"","format":"standard","meta":{"footnotes":""},"categories":[122],"tags":[10515,10514,10516,159,5059,1202,630],"nfg_topic":[134],"class_list":["post-12741","post","type-post","status-publish","format-standard","has-post-thumbnail","hentry","category-news","tag-african-migrants","tag-ceuta","tag-deportation-ruling","tag-european-union","tag-illegal-migration","tag-morocco","tag-spain","nfg_topic-europe"],"_links":{"self":[{"href":"https:\/\/newsfire.gr\/en\/wp-json\/wp\/v2\/posts\/12741","targetHints":{"allow":["GET"]}}],"collection":[{"href":"https:\/\/newsfire.gr\/en\/wp-json\/wp\/v2\/posts"}],"about":[{"href":"https:\/\/newsfire.gr\/en\/wp-json\/wp\/v2\/types\/post"}],"author":[{"embeddable":true,"href":"https:\/\/newsfire.gr\/en\/wp-json\/wp\/v2\/users\/39"}],"replies":[{"embeddable":true,"href":"https:\/\/newsfire.gr\/en\/wp-json\/wp\/v2\/comments?post=12741"}],"version-history":[{"count":1,"href":"https:\/\/newsfire.gr\/en\/wp-json\/wp\/v2\/posts\/12741\/revisions"}],"predecessor-version":[{"id":12747,"href":"https:\/\/newsfire.gr\/en\/wp-json\/wp\/v2\/posts\/12741\/revisions\/12747"}],"wp:featuredmedia":[{"embeddable":true,"href":"https:\/\/newsfire.gr\/en\/wp-json\/wp\/v2\/media\/12740"}],"wp:attachment":[{"href":"https:\/\/newsfire.gr\/en\/wp-json\/wp\/v2\/media?parent=12741"}],"wp:term":[{"taxonomy":"category","embeddable":true,"href":"https:\/\/newsfire.gr\/en\/wp-json\/wp\/v2\/categories?post=12741"},{"taxonomy":"post_tag","embeddable":true,"href":"https:\/\/newsfire.gr\/en\/wp-json\/wp\/v2\/tags?post=12741"},{"taxonomy":"nfg_topic","embeddable":true,"href":"https:\/\/newsfire.gr\/en\/wp-json\/wp\/v2\/nfg_topic?post=12741"}],"curies":[{"name":"wp","href":"https:\/\/api.w.org\/{rel}","templated":true}]}}