{"id":10202,"date":"2026-07-10T21:10:36","date_gmt":"2026-07-10T18:10:36","guid":{"rendered":"https:\/\/newsfire.gr\/en\/fidesz-rallies-against-plot-to-oust-hungarys-president-sulyok\/"},"modified":"2026-07-10T21:10:36","modified_gmt":"2026-07-10T18:10:36","slug":"fidesz-rallies-against-plot-to-oust-hungarys-president-sulyok","status":"publish","type":"post","link":"https:\/\/newsfire.gr\/en\/fidesz-rallies-against-plot-to-oust-hungarys-president-sulyok\/","title":{"rendered":"Fidesz Rallies Against Plot to Oust Hungary&#8217;s President Sulyok"},"content":{"rendered":"<p>The July 9 demonstration, organized jointly by Fidesz and the Christian Democratic People&#8217;s Party under the banner &#8220;Stop Tyranny,&#8221; drew crowds who denounced what they characterized as an authoritarian power grab by Magyar&#8217;s Tisza party, which swept to power in April after defeating Viktor Orb\u00e1n&#8217;s government.<\/p>\n<p>According to <em>Brussels Signal<\/em>, former president <strong>J\u00e1nos \u00c1der<\/strong> delivered the main address at the rally outside S\u00e1ndor Palace, warning that the planned amendment would represent the destruction of Hungary&#8217;s rule of law. \u00c1der, who served as president from 2012 to 2022 under Orb\u00e1n-led governments, told demonstrators the measure would replace legal certainty with anarchy.<\/p>\n<p>The constitutional crisis centers on the 17th amendment to Hungary&#8217;s Fundamental Law, submitted by Magyar&#8217;s government on July 4. The amendment would terminate Sulyok&#8217;s mandate the day after it takes effect, cutting short what was meant to be a five-year term that began in 2024 when a Fidesz-controlled parliament elected him.<\/p>\n<p>\u00c1der argued that constitutional procedures allow a president to be removed only through impeachment for legal violations, and that Sulyok has committed none. He invoked historical parallels to communist-era forced removals of government leaders, including Prime Minister <strong>Ferenc Nagy<\/strong> in 1947 and President <strong>Zolt\u00e1n Tildy<\/strong> in 1948, declaring he had accepted the invitation to speak because democracy itself was under threat.<\/p>\n<p>Tisza commands a two-thirds parliamentary majority after ending Orb\u00e1n&#8217;s 16 years in office, giving it the votes needed to pass constitutional amendments without opposition support. The amendment is widely expected to clear parliament despite protests.<\/p>\n<p>Sulyok has refused to step down voluntarily and has referred the measure to the Council of Europe&#8217;s Venice Commission for review. In an interview with Polish weekly Do Rzeczy, the President called the amendment a law tailored to a specific individual, which he said cannot be reconciled with the rule of law.<\/p>\n<p><strong>Bertalan Havasi<\/strong>, Fidesz communications chief, and MP <strong>G\u00e1bor Sz\u0171cs<\/strong> also addressed the rally. KDNP president <strong>Zsolt Semj\u00e9n<\/strong> attended and was acknowledged from the stage. Orb\u00e1n promoted the event on social media but did not appear in person.<\/p>\n<p>Magyar has accused \u00c1der of misusing public funds through his Blue Planet Foundation, charges the former president has rejected while demanding evidence and an apology.<\/p>\n<p>The European Commission indicated it is monitoring the constitutional amendment process in Hungary, though it has not yet taken a formal position on the dispute.<\/p>\n<p style=\"text-align:right\"><em>With information from <a href=\"https:\/\/brusselssignal.eu\" target=\"_blank\" rel=\"noopener\">Brussels Signal<\/a><\/em><\/p>\n","protected":false},"excerpt":{"rendered":"<p>Thousands of Fidesz supporters rallied in Budapest against a constitutional amendment that would cut short President Tam\u00e1s Sulyok&#8217;s term after P\u00e9ter Magyar&#8217;s party swept to power in April.<\/p>\n","protected":false},"author":39,"featured_media":10201,"comment_status":"open","ping_status":"open","sticky":false,"template":"","format":"standard","meta":{"footnotes":""},"categories":[122],"tags":[4610,3186,3528,886,9014,884,4609],"nfg_topic":[134],"class_list":["post-10202","post","type-post","status-publish","format-standard","has-post-thumbnail","hentry","category-news","tag-budapest","tag-constitutional-crisis","tag-fidesz","tag-hungary","tag-janos-ader","tag-peter-magyar","tag-tamas-sulyok","nfg_topic-europe"],"_links":{"self":[{"href":"https:\/\/newsfire.gr\/en\/wp-json\/wp\/v2\/posts\/10202","targetHints":{"allow":["GET"]}}],"collection":[{"href":"https:\/\/newsfire.gr\/en\/wp-json\/wp\/v2\/posts"}],"about":[{"href":"https:\/\/newsfire.gr\/en\/wp-json\/wp\/v2\/types\/post"}],"author":[{"embeddable":true,"href":"https:\/\/newsfire.gr\/en\/wp-json\/wp\/v2\/users\/39"}],"replies":[{"embeddable":true,"href":"https:\/\/newsfire.gr\/en\/wp-json\/wp\/v2\/comments?post=10202"}],"version-history":[{"count":0,"href":"https:\/\/newsfire.gr\/en\/wp-json\/wp\/v2\/posts\/10202\/revisions"}],"wp:featuredmedia":[{"embeddable":true,"href":"https:\/\/newsfire.gr\/en\/wp-json\/wp\/v2\/media\/10201"}],"wp:attachment":[{"href":"https:\/\/newsfire.gr\/en\/wp-json\/wp\/v2\/media?parent=10202"}],"wp:term":[{"taxonomy":"category","embeddable":true,"href":"https:\/\/newsfire.gr\/en\/wp-json\/wp\/v2\/categories?post=10202"},{"taxonomy":"post_tag","embeddable":true,"href":"https:\/\/newsfire.gr\/en\/wp-json\/wp\/v2\/tags?post=10202"},{"taxonomy":"nfg_topic","embeddable":true,"href":"https:\/\/newsfire.gr\/en\/wp-json\/wp\/v2\/nfg_topic?post=10202"}],"curies":[{"name":"wp","href":"https:\/\/api.w.org\/{rel}","templated":true}]}}