{"id":10148,"date":"2026-07-10T10:21:17","date_gmt":"2026-07-10T07:21:17","guid":{"rendered":"https:\/\/newsfire.gr\/en\/?p=10148"},"modified":"2026-07-10T10:21:17","modified_gmt":"2026-07-10T07:21:17","slug":"eu-ministers-move-to-unlock-hungarys-frozen-recovery-billions","status":"publish","type":"post","link":"https:\/\/newsfire.gr\/en\/eu-ministers-move-to-unlock-hungarys-frozen-recovery-billions\/","title":{"rendered":"EU Ministers Move to Unlock Hungary&#8217;s Frozen Recovery Billions"},"content":{"rendered":"<p>The Economic and Financial Affairs Council is set to meet in Brussels on July 10 to take the final legal step required before Hungary can access the money, according to <em>Brussels Signal<\/em>. The decision requires unanimous support from all 27 member states.<\/p>\n<p>Brussels has withheld billions in recovery and cohesion funding from Hungary for several years, citing what the European Commission called systemic corruption risks, along with concerns over judicial independence and academic freedom under the previous government.<\/p>\n<p><strong>P\u00e9ter Magyar<\/strong>, whose pro-EU conservative Tisza party defeated Viktor Orb\u00e1n in April&#8217;s parliamentary election, made unlocking the funds a central campaign promise. In late May, he secured a political agreement with European Commission President <strong>Ursula von der Leyen<\/strong> covering a total of \u20ac16.4 billion.<\/p>\n<p>That sum includes \u20ac10 billion from the Recovery and Resilience Facility, \u20ac4.2 billion in cohesion funds tied to anti-corruption and judicial reform measures, and an additional \u20ac2.2 billion linked to academic freedom requirements.<\/p>\n<p>Following her meeting with Magyar in Brussels on May 29, von der Leyen remarked that <em>a strong wind of change<\/em> could already be felt across Hungary.<\/p>\n<p>The Magyar administration subsequently rewrote the national recovery plan that had been submitted under Orb\u00e1n. The revised document outlines spending on suburban rail infrastructure and rolling stock, electricity grid upgrades, support programmes for small and medium-sized enterprises, and a rental housing initiative. The Commission issued a positive recommendation ahead of the Council vote.<\/p>\n<p>Hungary now faces a demanding schedule. Budapest must fulfill 27 so-called super milestones by August 31, submit payment requests by the end of September, and complete all disbursements by December 31. Missing those deadlines could force the government to repay roughly \u20ac1 billion in advances already received.<\/p>\n<p>As of June, Hungary had absorbed only about 9 per cent of its Recovery and Resilience Facility allocation\u2014the lowest uptake rate in the entire bloc, according to Commission data. By comparison, France has drawn down 86 per cent of its allocation.<\/p>\n<p>Finance Minister <strong>Andr\u00e1s K\u00e1rm\u00e1n<\/strong> said before traveling to Brussels that the government would complete all necessary legal steps to secure the funds. Transport and Investment Minister <strong>D\u00e1vid Vit\u00e9zy<\/strong> told parliament that negotiations with the Commission had concluded and all indications pointed toward approval.<\/p>\n<p>K\u00e1rm\u00e1n has also indicated that Hungary will submit a revised medium-term fiscal framework later this year, outlining a roadmap toward eventual euro adoption, though he emphasized there is no urgency to enter the Exchange Rate Mechanism II.<\/p>\n<p style=\"text-align:right\"><em>With information from <a href=\"https:\/\/brusselssignal.eu\" target=\"_blank\" rel=\"noopener\">Brussels Signal<\/a><\/em><\/p>\n","protected":false},"excerpt":{"rendered":"<p>EU finance ministers will vote July 10 to release \u20ac10 billion in frozen recovery funds to Hungary after pro-EU Prime Minister P\u00e9ter Magyar defeated Viktor Orb\u00e1n in April.<\/p>\n","protected":false},"author":39,"featured_media":10147,"comment_status":"open","ping_status":"open","sticky":false,"template":"","format":"standard","meta":{"footnotes":""},"categories":[122],"tags":[725,159,886,884,8970,3520,218],"nfg_topic":[134],"class_list":["post-10148","post","type-post","status-publish","format-standard","has-post-thumbnail","hentry","category-news","tag-brussels","tag-european-union","tag-hungary","tag-peter-magyar","tag-recovery-funds","tag-tisza-party","tag-viktor-orban","nfg_topic-europe"],"_links":{"self":[{"href":"https:\/\/newsfire.gr\/en\/wp-json\/wp\/v2\/posts\/10148","targetHints":{"allow":["GET"]}}],"collection":[{"href":"https:\/\/newsfire.gr\/en\/wp-json\/wp\/v2\/posts"}],"about":[{"href":"https:\/\/newsfire.gr\/en\/wp-json\/wp\/v2\/types\/post"}],"author":[{"embeddable":true,"href":"https:\/\/newsfire.gr\/en\/wp-json\/wp\/v2\/users\/39"}],"replies":[{"embeddable":true,"href":"https:\/\/newsfire.gr\/en\/wp-json\/wp\/v2\/comments?post=10148"}],"version-history":[{"count":1,"href":"https:\/\/newsfire.gr\/en\/wp-json\/wp\/v2\/posts\/10148\/revisions"}],"predecessor-version":[{"id":10149,"href":"https:\/\/newsfire.gr\/en\/wp-json\/wp\/v2\/posts\/10148\/revisions\/10149"}],"wp:featuredmedia":[{"embeddable":true,"href":"https:\/\/newsfire.gr\/en\/wp-json\/wp\/v2\/media\/10147"}],"wp:attachment":[{"href":"https:\/\/newsfire.gr\/en\/wp-json\/wp\/v2\/media?parent=10148"}],"wp:term":[{"taxonomy":"category","embeddable":true,"href":"https:\/\/newsfire.gr\/en\/wp-json\/wp\/v2\/categories?post=10148"},{"taxonomy":"post_tag","embeddable":true,"href":"https:\/\/newsfire.gr\/en\/wp-json\/wp\/v2\/tags?post=10148"},{"taxonomy":"nfg_topic","embeddable":true,"href":"https:\/\/newsfire.gr\/en\/wp-json\/wp\/v2\/nfg_topic?post=10148"}],"curies":[{"name":"wp","href":"https:\/\/api.w.org\/{rel}","templated":true}]}}